{"id":3814,"date":"2017-11-20T20:10:55","date_gmt":"2017-11-20T18:10:55","guid":{"rendered":"https:\/\/centers.ulbsibiu.ro\/ccsprise\/lact\/?p=3814"},"modified":"2017-11-20T20:10:56","modified_gmt":"2017-11-20T18:10:56","slug":"20-11-2017-prim-ministrul-moldovei-si-liderul-transnistriei-s-au-intalnit-pentru-prima-data-la-deschiderea-podului-peste-nistru","status":"publish","type":"post","link":"https:\/\/centers.ulbsibiu.ro\/ccsprise\/lact\/20-11-2017-prim-ministrul-moldovei-si-liderul-transnistriei-s-au-intalnit-pentru-prima-data-la-deschiderea-podului-peste-nistru\/","title":{"rendered":"20.11.2017: PRIM-MINISTRUL MOLDOVEI \u015eI LIDERUL TRANSNISTRIEI S-AU \u00ceNT\u00c2LNIT PENTRU PRIMA DAT\u0102 LA DESCHIDEREA PODULUI PESTE NISTRU"},"content":{"rendered":"<p>Prim-ministrul Moldovei, Pavel Filip, \u015fi liderul Transnistriei, Vadim Krasnoselski, s-au \u00eent\u00e2lnit pentru prima dat\u0103 s\u00e2mb\u0103t\u0103, 18 noiembrie, la deschiderea podului peste Nistru dintre localit\u0103\u021bile Gura B\u00eecului \u0219i B\u00eecioc, distrus \u00een timpul conflictului armat din 1992. Potrivit agen\u0163iei INFOTAG, deschiderea podului era planificat\u0103 ini\u021bial pentru 20 noiembrie.<\/p>\n<p>\u00cen\u0163elegerea privind deschiderea podului, care a fost restaurat \u00een anul 2000, a fost atins\u0103 \u00een cadrul \u00eent\u00e2lnirii principalilor negociatori de la Chi\u0219in\u0103u \u0219i Tiraspol la 3 noiembrie. Ini\u021bial, reprezentan\u021bii Chi\u0219in\u0103ului \u0219i Tiraspolului au convenit s\u0103 organizeze ceremonia de deschidere la 18 noiembrie, iar traficul va \u00eencepe pe 20 noiembrie. Cu toate acestea, \u00een timpul \u00eent\u00e2lnirii de pe pod, p\u0103r\u0163ile au decis ca circula\u0163ia transportului pe pod s\u0103 \u00eenceap\u0103 imediat dup\u0103 ceremonia de deschidere.<\/p>\n<p>La ceremonie au participat reprezentan\u021bii de rang \u00eenalt ai p\u0103r\u0163ilor participante la negocierile \u201e5+2\u201d: \u015feful Delega\u021biei UE \u00een Republica Moldova, Peter Michalko, \u0219eful Misiunii OSCE \u00een Moldova, Michael Scanlan, ambasadorii Rusiei, Ucrainei \u0219i SUA, Farit Muhamet\u015fin, Ivan Gnati\u015fin \u0219i James Pettit, precum \u0219i principalii negociatori ai p\u0103r\u0163ilor \u2013 vicepremierul pentru Reintegrare al RM, Gheorghe B\u0103lan, \u0219i ministrul de Externe al Transnistriei, Vitalii Ignatiev.<\/p>\n<p>Pe pod, Filip \u015fi Krasnoselski au vorbit timp \u00eendelungat singuri, privind de-a lungul Nistrului. Ulterior, ei au participat la ceremonia de inaugurare \u015fi au anun\u0163at c\u0103 au decis s\u0103 permit\u0103 circula\u0163ia imediat.<\/p>\n<p>\u201eEste un eveniment simbolic. Hot\u0103r\u00e2rea a fost luat\u0103 \u00een urma multiplelor discu\u021bii. Acesta va fi redeschis \u00een interesul popula\u021biei \u0219i agen\u021bilor economici, \u00eentruc\u00e2t va scurta distan\u021ba p\u00e2n\u0103 la ora\u0219ul Odesa, Ucraina. Sper\u0103m ca acest coridor s\u0103 devin\u0103 func\u021bional \u0219i atractiv. Cred c\u0103 este unul dintre primele rezultate pozitive pe care urmeaz\u0103 s\u0103 le ob\u021binem \u0219i un simbol al elimin\u0103rii barierelor \u00een circula\u021bie, care va permite cre\u0219terea economic\u0103 \u201d, a spus Filip.<\/p>\n<p>La r\u00e2ndul s\u0103u, Vadim Krasnoselski a specificat c\u0103 redeschiderea podului este important\u0103 at\u00e2t pentru cet\u0103\u021benii din localit\u0103\u021bile apropiate, c\u00e2t \u0219i pentru agen\u021bii economici.<\/p>\n<p>\u201eEvenimentul de ast\u0103zi reprezint\u0103 un imbold pozitiv pentru rezolvarea \u0219i altor subiecte. Suntem \u0219i \u00een continuare deschi\u0219i pentru dialog\u201d, a afirmat Krasnoselski.<\/p>\n<p>Ca \u0219i \u00eenainte de deschiderea podului, la intrarea de pe ambele p\u0103r\u021bi, vor exista posturi ale for\u021belor de men\u021binere a p\u0103cii. Totodat\u0103, din partea transnistrean\u0103, la intrarea pe au fost instalate un post de control de frontier\u0103, un post vamal \u0219i un post de control al migra\u021biei. Din partea Moldovei nu exist\u0103 posturi, deoarece Moldova nu recunoa\u0219te grani\u021ba administrativ\u0103 cu Transnistria drept frontier\u0103 de stat.<\/p>\n<p>\u201eAm vorbit cu domnul Krasnoselskii despre cum s\u0103 simplific\u0103m c\u00e2t mai mult posibil regimul de trecere. \u00cencerc\u0103m mereu s\u0103 lu\u0103m m\u0103suri care s\u0103 contribuie la confortul oamenilor, c\u0103ci trebuie s\u0103 ne g\u00e2ndim mai \u00eent\u00e2i la oameni. Controalele creeaz\u0103 un anumit disconfort. Sper c\u0103 colegii care poart\u0103 negocierile vor g\u0103si o solu\u021bie pentru un regim de trecere simplificat. Ne dorim s\u0103 nu existe niciun fel de controale, pentru ca oamenii s\u0103 poat\u0103 circula liber\u201d, a spus Filip.<\/p>\n<p>La r\u00e2ndul s\u0103u, Krasnoselski a spus c\u0103 \u201econtrolul va fi efectuat operativ\u201d.<\/p>\n<p>\u201eAr\u0103\u0163i pa\u0219aportul \u0219i mergi mai departe. Principalul este c\u0103 podul s-a deschis. El une\u015fte malurile drept \u0219i st\u00e2ng, une\u015fte logistica rela\u021biilor economice. El este interesant pentru agen\u0163ii economic \u015fi pentru popula\u021bie\u201d, a spus Krasnoselski.<\/p>\n<p>Dup\u0103 cum a informat anterior INFOTAG, podul dintre localit\u0103\u0163ile B\u00eecioc \u015fi Gura B\u00eecului a fost distrus \u00een timpul ac\u0163iunilor de lupt\u0103 de pe Nistru la \u00eenceputul anilor \u201990. Podul se afl\u0103 pe drumul M-14, care face parte din coridorul de transport paneuropean IX. \u021a\u0103rile UE \u0219i CSI sunt interesate ca acest coridor s\u0103 func\u0163ioneze eficient.<\/p>\n<p>La \u00eenceputul anilor 2000, podul a fost reconstruit cu ajutorul partenerilor externi, dar traficul rutier nu a fost reluat. Acest lucru a fost blocat de Tiraspol, care cerea garan\u021bii din partea Chi\u0219in\u0103ului de a nu folosi podul \u00een scopuri militare, de\u0219i p\u0103r\u021bile au convenit asupra acestui lucru \u00eenc\u0103 \u00een 1998.<\/p>\n<p>Reluarea traficului peste pod a fost una din condi\u0163iile RM \u00eenaintate Transnistriei \u00een 2017 \u00een cadrul pachetului \u201c4+4\u201d, care prevede solu\u0163ionarea a c\u00e2te patru probleme de fiecare parte.<\/p>\n<p>Sursa:<\/p>\n<p><a href=\"http:\/\/www.infotag.md\/rebelion-ro\/255764\/\">http:\/\/www.infotag.md\/rebelion-ro\/255764\/<\/a><\/p>\n","protected":false},"excerpt":{"rendered":"<p>Prim-ministrul Moldovei, Pavel Filip, \u015fi liderul Transnistriei, Vadim Krasnoselski, s-au \u00eent\u00e2lnit pentru prima dat\u0103 s\u00e2mb\u0103t\u0103, 18 noiembrie, la deschiderea podului peste Nistru dintre localit\u0103\u021bile Gura B\u00eecului \u0219i B\u00eecioc, distrus \u00een timpul conflictului armat din 1992. Potrivit agen\u0163iei INFOTAG, deschiderea podului era planificat\u0103 ini\u021bial pentru 20 noiembrie. \u00cen\u0163elegerea privind deschiderea podului, care a fost restaurat \u00een&#8230;<\/p>\n","protected":false},"author":2,"featured_media":0,"comment_status":"closed","ping_status":"open","sticky":false,"template":"","format":"standard","meta":[],"categories":[1],"tags":[],"_links":{"self":[{"href":"https:\/\/centers.ulbsibiu.ro\/ccsprise\/lact\/wp-json\/wp\/v2\/posts\/3814"}],"collection":[{"href":"https:\/\/centers.ulbsibiu.ro\/ccsprise\/lact\/wp-json\/wp\/v2\/posts"}],"about":[{"href":"https:\/\/centers.ulbsibiu.ro\/ccsprise\/lact\/wp-json\/wp\/v2\/types\/post"}],"author":[{"embeddable":true,"href":"https:\/\/centers.ulbsibiu.ro\/ccsprise\/lact\/wp-json\/wp\/v2\/users\/2"}],"replies":[{"embeddable":true,"href":"https:\/\/centers.ulbsibiu.ro\/ccsprise\/lact\/wp-json\/wp\/v2\/comments?post=3814"}],"version-history":[{"count":1,"href":"https:\/\/centers.ulbsibiu.ro\/ccsprise\/lact\/wp-json\/wp\/v2\/posts\/3814\/revisions"}],"predecessor-version":[{"id":3815,"href":"https:\/\/centers.ulbsibiu.ro\/ccsprise\/lact\/wp-json\/wp\/v2\/posts\/3814\/revisions\/3815"}],"wp:attachment":[{"href":"https:\/\/centers.ulbsibiu.ro\/ccsprise\/lact\/wp-json\/wp\/v2\/media?parent=3814"}],"wp:term":[{"taxonomy":"category","embeddable":true,"href":"https:\/\/centers.ulbsibiu.ro\/ccsprise\/lact\/wp-json\/wp\/v2\/categories?post=3814"},{"taxonomy":"post_tag","embeddable":true,"href":"https:\/\/centers.ulbsibiu.ro\/ccsprise\/lact\/wp-json\/wp\/v2\/tags?post=3814"}],"curies":[{"name":"wp","href":"https:\/\/api.w.org\/{rel}","templated":true}]}}