{"id":3810,"date":"2017-11-18T20:52:23","date_gmt":"2017-11-18T18:52:23","guid":{"rendered":"https:\/\/centers.ulbsibiu.ro\/ccsprise\/lact\/?p=3810"},"modified":"2017-11-18T20:52:23","modified_gmt":"2017-11-18T18:52:23","slug":"18-11-2017-viceprim-ministrul-gheorghe-balan-a-participat-la-deschiderea-podului-dintre-localitatile-gura-bicului-bicioc","status":"publish","type":"post","link":"https:\/\/centers.ulbsibiu.ro\/ccsprise\/lact\/18-11-2017-viceprim-ministrul-gheorghe-balan-a-participat-la-deschiderea-podului-dintre-localitatile-gura-bicului-bicioc\/","title":{"rendered":"18.11.2017: Viceprim-ministrul Gheorghe B\u0103lan a participat la deschiderea podului dintre localit\u0103\u021bile Gura B\u00eecului \u2013 B\u00eecioc"},"content":{"rendered":"<p>Prim-ministrul Pavel Filip a participat ast\u0103zi, \u00eempreun\u0103 cu liderul de la Tiraspol, Vadim Krasnoselski, la deschiderea podului peste r\u00e2ul Nistru, ce leag\u0103 localit\u0103\u021bile Gura B\u00eecului \u015fi B\u00eecioc. La eveniment au fost prezen\u0163i reprezentan\u021bii politici \u00een procesul de reglementare transnistrean\u0103 Gheorghe B\u0103lan \u0219i Vitalii Ignatiev dar \u0219i reprezentan\u021bi ai mediatorilor \u0219i observatorilor din cadrul formatului de negocieri \u201e5+2\u201d.<\/p>\n<p>\u00cen cadrul deschiderii evenimentului Premierul Pavel Filip a f\u0103cut un schimb de replici cu liderul de la Tiraspol Vadim Krasnoselski vis-\u00e0-vis de cele mai stringente probleme din cadrul dosarului transnistrean. La r\u00e2ndul lor, reprezentan\u021bii politici \u00een procesul de reglementare transnistrean\u0103 Gheorghe B\u0103lan \u0219i Vitalii Ignatiev au avut o scurt\u0103 discu\u021bie despre eventualele c\u0103i de \u00eembun\u0103t\u0103\u021bire a procesului de negocieri.<\/p>\n<p>\u00cen cadrul declara\u0163iilor de pres\u0103, Prim-Ministrul Pavel Filip a specificat c\u0103 deschiderea podului reprezint\u0103 \u00eenc\u0103 o etap\u0103 \u00een realizarea obiectivului Guvernului de a elimina toate barierele \u00een calea liberei circula\u0163ii a cet\u0103\u0163enilor, m\u0103rfurilor \u015fi serviciilor \u00eentre cele dou\u0103 maluri ale Nistrului.<\/p>\n<p>La final, Vicepremierul Gheorghe B\u0103lan \u00een cadrul declara\u021biilor pentru mass-media \u00a0a specificat c\u0103 repunerea \u00een circula\u021bie a podului dintre localit\u0103\u021bile Gura B\u00eecului \u2013 B\u00eecioc, este un pas pozitiv premerg\u0103tor noii runde de negocieri \u00een formatul \u201e5+2\u201d, ce va avea loc la Viena, \u00een perioada 27-28 noiembrie curent \u0219i va contribui la identificarea unor solu\u0163ii viabile pentru conflictul transnistrean \u015fi pentru statutul juridic special al regiunii, bazat pe respectarea suveranit\u0103\u021bii \u0219i integrit\u0103\u021bii teritoriale a Republicii Moldova.<\/p>\n<p>Sursa:<\/p>\n<p><a href=\"http:\/\/gov.md\/ro\/content\/viceprim-ministrul-gheorghe-balan-participat-la-deschiderea-podului-dintre-localitatile-gura\">http:\/\/gov.md\/ro\/content\/viceprim-ministrul-gheorghe-balan-participat-la-deschiderea-podului-dintre-localitatile-gura<\/a><\/p>\n","protected":false},"excerpt":{"rendered":"<p>Prim-ministrul Pavel Filip a participat ast\u0103zi, \u00eempreun\u0103 cu liderul de la Tiraspol, Vadim Krasnoselski, la deschiderea podului peste r\u00e2ul Nistru, ce leag\u0103 localit\u0103\u021bile Gura B\u00eecului \u015fi B\u00eecioc. La eveniment au fost prezen\u0163i reprezentan\u021bii politici \u00een procesul de reglementare transnistrean\u0103 Gheorghe B\u0103lan \u0219i Vitalii Ignatiev dar \u0219i reprezentan\u021bi ai mediatorilor \u0219i observatorilor din cadrul formatului de&#8230;<\/p>\n","protected":false},"author":2,"featured_media":0,"comment_status":"closed","ping_status":"open","sticky":false,"template":"","format":"standard","meta":[],"categories":[1],"tags":[],"_links":{"self":[{"href":"https:\/\/centers.ulbsibiu.ro\/ccsprise\/lact\/wp-json\/wp\/v2\/posts\/3810"}],"collection":[{"href":"https:\/\/centers.ulbsibiu.ro\/ccsprise\/lact\/wp-json\/wp\/v2\/posts"}],"about":[{"href":"https:\/\/centers.ulbsibiu.ro\/ccsprise\/lact\/wp-json\/wp\/v2\/types\/post"}],"author":[{"embeddable":true,"href":"https:\/\/centers.ulbsibiu.ro\/ccsprise\/lact\/wp-json\/wp\/v2\/users\/2"}],"replies":[{"embeddable":true,"href":"https:\/\/centers.ulbsibiu.ro\/ccsprise\/lact\/wp-json\/wp\/v2\/comments?post=3810"}],"version-history":[{"count":1,"href":"https:\/\/centers.ulbsibiu.ro\/ccsprise\/lact\/wp-json\/wp\/v2\/posts\/3810\/revisions"}],"predecessor-version":[{"id":3811,"href":"https:\/\/centers.ulbsibiu.ro\/ccsprise\/lact\/wp-json\/wp\/v2\/posts\/3810\/revisions\/3811"}],"wp:attachment":[{"href":"https:\/\/centers.ulbsibiu.ro\/ccsprise\/lact\/wp-json\/wp\/v2\/media?parent=3810"}],"wp:term":[{"taxonomy":"category","embeddable":true,"href":"https:\/\/centers.ulbsibiu.ro\/ccsprise\/lact\/wp-json\/wp\/v2\/categories?post=3810"},{"taxonomy":"post_tag","embeddable":true,"href":"https:\/\/centers.ulbsibiu.ro\/ccsprise\/lact\/wp-json\/wp\/v2\/tags?post=3810"}],"curies":[{"name":"wp","href":"https:\/\/api.w.org\/{rel}","templated":true}]}}