{"id":3808,"date":"2017-11-17T18:02:44","date_gmt":"2017-11-17T16:02:44","guid":{"rendered":"https:\/\/centers.ulbsibiu.ro\/ccsprise\/lact\/?p=3808"},"modified":"2017-11-17T18:02:44","modified_gmt":"2017-11-17T16:02:44","slug":"17-11-2017-comisia-unificata-de-control-a-trasat-actiunile-legate-de-deschiderea-podului-de-pe-r-nistru-in-preajma-localitatilor-gura-bacului-bacioc","status":"publish","type":"post","link":"https:\/\/centers.ulbsibiu.ro\/ccsprise\/lact\/17-11-2017-comisia-unificata-de-control-a-trasat-actiunile-legate-de-deschiderea-podului-de-pe-r-nistru-in-preajma-localitatilor-gura-bacului-bacioc\/","title":{"rendered":"17.11.2017: Comisia Unificat\u0103 de Control a trasat ac\u0163iunile legate de deschiderea podului de pe r. Nistru \u00een preajma localit\u0103\u021bilor Gura B\u00e2cului \u2013 B\u00e2cioc"},"content":{"rendered":"<p>La 16 noiembrie curent, \u00een or.Bender, a avut loc \u015fedin\u0163a Comisiei Unificate de Control (CUC), prezidat\u0103 de delega\u0163ia Federa\u0163iei Ruse (FR).<\/p>\n<p>Ordinea de zi a cuprins dou\u0103 subiecte: chestiuni organizatorice, audierea \u015fi aprobarea rapoartelor Comandamentului Militar \u00centrunit (CM\u00ce) despre situa\u0163ia din Zona de Securitate.<\/p>\n<p>La compartimentul chestiuni organizatorice, la solicitarea delega\u0163iei transnistrene, CUC l-a aprobat pe locotenent-colonelul Alexandru Liceakov \u00een func\u0163ia de obseravtor militar.<\/p>\n<p>Comisia a audiat \u015fi aprobat 2 rapoarte s\u0103pt\u0103m\u00e2nale ale CM\u00ce privind situa\u0163ia \u00een Zona de Securitate, apreciind-o drept stabil\u0103.<\/p>\n<p>\u00cen cadrul \u015fedin\u0163ei neordinare, convocate la ini\u0163iativa delega\u0163iei FR, Comisia a dezb\u0103tut chestiunea privind asigurarea circula\u021biei pe podul de peste r.Nistru din preajma localit\u0103\u021bilor Gura B\u00e2cului\u2013B\u00e2cioc \u015fi deschiderii oficiale a podului pe 18 noiembrie curent cu participarea Prim-ministrului Republicii Moldova \u015fi a liderului de la Tiraspol.<\/p>\n<p>Comisia a luat act de procesul\u2013verbal privind evaluarea st\u0103rii tehnice a podului, semnat de c\u0103tre reprezentan\u0163ii institu\u0163iilor de resort, vizat de comisia mixt\u0103, \u015fi, ca rezultat, a stabilit c\u0103 podul poate fi utilizat pentru traficul auto.<\/p>\n<p>\u00cen cadrul discu\u0163iilor delega\u0163ia moldoveneasc\u0103 a atras aten\u0163ia p\u0103r\u0163ilor asupra necesit\u0103\u0163ii de a se ab\u0163ine de la m\u0103suri unilaterale \u00een ce prive\u015fte activitatea posturilor, amplasate \u00een preajma podului, \u00een special cu referire la inten\u021bia de a schimba infrastructura \u015fi statele de personal ale acestora f\u0103r\u0103 coordonarea prealabil\u0103 cu CM\u00ce \u015fi cu \u00eenc\u0103lcarea deciziilor CUC.<\/p>\n<p>Dat\u0103 fiind pozi\u0163ia neconstructiv\u0103 a p\u0103r\u0163ii transnistrene \u00een problema discutat\u0103, Comisia a decis c\u0103 dezbaterile vor fi continuate la urm\u0103toarea \u015fedin\u0163\u0103, care va avea loc pe data de 23 noiembrie 2017.<\/p>\n<p>&nbsp;<\/p>\n<p><em><strong>Delega\u0163ia Republicii Moldova \u00een CUC<\/strong><\/em><\/p>\n<p>&nbsp;<\/p>\n<p>Sursa:<\/p>\n<p><a href=\"http:\/\/gov.md\/ro\/content\/comisia-unificata-de-control-trasat-actiunile-legate-de-deschiderea-podului-de-pe-r-nistru\">http:\/\/gov.md\/ro\/content\/comisia-unificata-de-control-trasat-actiunile-legate-de-deschiderea-podului-de-pe-r-nistru<\/a><\/p>\n","protected":false},"excerpt":{"rendered":"<p>La 16 noiembrie curent, \u00een or.Bender, a avut loc \u015fedin\u0163a Comisiei Unificate de Control (CUC), prezidat\u0103 de delega\u0163ia Federa\u0163iei Ruse (FR). Ordinea de zi a cuprins dou\u0103 subiecte: chestiuni organizatorice, audierea \u015fi aprobarea rapoartelor Comandamentului Militar \u00centrunit (CM\u00ce) despre situa\u0163ia din Zona de Securitate. La compartimentul chestiuni organizatorice, la solicitarea delega\u0163iei transnistrene, CUC l-a aprobat&#8230;<\/p>\n","protected":false},"author":2,"featured_media":0,"comment_status":"closed","ping_status":"open","sticky":false,"template":"","format":"standard","meta":[],"categories":[1],"tags":[],"_links":{"self":[{"href":"https:\/\/centers.ulbsibiu.ro\/ccsprise\/lact\/wp-json\/wp\/v2\/posts\/3808"}],"collection":[{"href":"https:\/\/centers.ulbsibiu.ro\/ccsprise\/lact\/wp-json\/wp\/v2\/posts"}],"about":[{"href":"https:\/\/centers.ulbsibiu.ro\/ccsprise\/lact\/wp-json\/wp\/v2\/types\/post"}],"author":[{"embeddable":true,"href":"https:\/\/centers.ulbsibiu.ro\/ccsprise\/lact\/wp-json\/wp\/v2\/users\/2"}],"replies":[{"embeddable":true,"href":"https:\/\/centers.ulbsibiu.ro\/ccsprise\/lact\/wp-json\/wp\/v2\/comments?post=3808"}],"version-history":[{"count":1,"href":"https:\/\/centers.ulbsibiu.ro\/ccsprise\/lact\/wp-json\/wp\/v2\/posts\/3808\/revisions"}],"predecessor-version":[{"id":3809,"href":"https:\/\/centers.ulbsibiu.ro\/ccsprise\/lact\/wp-json\/wp\/v2\/posts\/3808\/revisions\/3809"}],"wp:attachment":[{"href":"https:\/\/centers.ulbsibiu.ro\/ccsprise\/lact\/wp-json\/wp\/v2\/media?parent=3808"}],"wp:term":[{"taxonomy":"category","embeddable":true,"href":"https:\/\/centers.ulbsibiu.ro\/ccsprise\/lact\/wp-json\/wp\/v2\/categories?post=3808"},{"taxonomy":"post_tag","embeddable":true,"href":"https:\/\/centers.ulbsibiu.ro\/ccsprise\/lact\/wp-json\/wp\/v2\/tags?post=3808"}],"curies":[{"name":"wp","href":"https:\/\/api.w.org\/{rel}","templated":true}]}}