{"id":3806,"date":"2017-11-17T17:57:27","date_gmt":"2017-11-17T15:57:27","guid":{"rendered":"https:\/\/centers.ulbsibiu.ro\/ccsprise\/lact\/?p=3806"},"modified":"2017-11-17T17:57:27","modified_gmt":"2017-11-17T15:57:27","slug":"17-11-2017-in-transnistria-se-desfasoara-in-premiera-exercitiul-de-mobilizarea-generala","status":"publish","type":"post","link":"https:\/\/centers.ulbsibiu.ro\/ccsprise\/lact\/17-11-2017-in-transnistria-se-desfasoara-in-premiera-exercitiul-de-mobilizarea-generala\/","title":{"rendered":"17.11.2017: \u00ceN TRANSNISTRIA SE DESF\u0102\u015eOAR\u0102 \u00ceN PREMIER\u0102 \u201eEXERCI\u0162IUL DE MOBILIZAREA GENERAL\u0102\u201d\u2026"},"content":{"rendered":"<p>\u00cen Transnistria se desf\u0103\u015foar\u0103 \u00een premier\u0103 \u201eexerci\u0163iul de mobilizare general\u0103 a resurselor umane\u201d. Potrivit agen\u0163iei INFOTAG cu referire la site-ul MAI al autoproclamatei RMN, scopul principal al mobiliz\u0103rii este de \u201ea instrui solda\u0163ii \u00een rezerv\u0103 referitor la ac\u0163iunile de salvare a oamenilor la lichidarea consecin\u021belor situa\u021biilor excep\u021bionale de ordin natural sau tehnic\u201d.<\/p>\n<p>Majoritatea b\u0103rba\u0163ilor din regiune cu v\u00e2rsta de 18-60 de ani au primit cita\u021bii personale prin care sunt anun\u0163a\u0163i s\u0103 vin\u0103 la locul exerci\u0163iului, de regul\u0103, pe stadioanele localit\u0103\u0163ilor \u00een care tr\u0103iesc.<\/p>\n<p>MAI men\u0163ioneaz\u0103 c\u0103 exerci\u0163iul este \u201eun element de ap\u0103rare civic\u0103, iar astfel de ac\u0163iuni au loc \u00een toate \u0163\u0103rile\u201d. Mobilizarea este explicat\u0103 prin faptul c\u0103 \u201estructurile de for\u0163\u0103 trebuie s\u0103 de\u0163in\u0103 informa\u0163ia despre resursele umane pe care pot miza \u00een caz de necesitate\u201d.<\/p>\n<p>Adun\u0103rile de mobilizare vor avea loc \u00eentre orele 6.00 \u015fi 13.00. B\u0103rba\u0163ii vor fi informa\u0163i cum s\u0103 se comporte \u00een situa\u0163ii excep\u0163ionale de ordin natural sau tehnic.<\/p>\n<p>Principalele ac\u0163iuni vor avea loc pe stadionul din Tiraspol. La \u00eent\u00e2lnirii cu rezervi\u015ftii va vorbi \u201ecomandantul suprem al RMN\u201d, generalul de mili\u0163ie Vadim Krasnoselski, iar apoi vor fi efectuate exerci\u0163iile cu reprezentan\u0163ii serviciilor de protec\u0163ie civil\u0103 \u015fi situa\u0163ii excep\u0163ionale. De asemenea, va fi prezentat\u0103 tehnica for\u0163elor armate.<\/p>\n<p>Organizatorii sus\u0163in c\u0103 activitatea ora\u015fului nu va fi perturbat\u0103 din cauza mobiliz\u0103rii generale.<\/p>\n<p>&nbsp;<\/p>\n<p>..IAR EXPER\u0162II PUN LA \u00ceNDOIAL\u0102 CARACTERUL PA\u015eNIC AL ACESTUIA<\/p>\n<p>Asigur\u0103rile autorit\u0103\u0163ilor de la Tiraspol precum c\u0103 mobilizarea general\u0103 se desf\u0103\u015foar\u0103 doar pentru a preg\u0103ti b\u0103rba\u0163ii pentru cazurile de catastrofe tehnice \u015fi cataclisme naturale \u201eprovoac\u0103 z\u00e2mbetul, cel pu\u0163in\u201d. De aceast\u0103 opinie este politologul ucrainean Artiom Filipenko \u00eentr-un articol pe site-ul \u201eDelovaia stoli\u0163a\u201d.<\/p>\n<p>Potrivit agen\u0163iei INFOTAG, el a men\u0163ionat c\u0103 \u201eTransnistria are ghinion cu cataclismele, iar cazurile de inunda\u0163ii sau de furtuni nu au o asemenea amploare \u00eenc\u00e2t s\u0103 fie nevoie de mobilizarea general\u0103, mai ales doar a b\u0103rba\u0163ilor\u201d.<\/p>\n<p>Expertul a men\u021bionat c\u0103 \u00een Ucraina, unde r\u0103zboiul este deja \u00een al treilea an, astfel de evenimente nu au avut loc. Prin urmare, el nu exclude faptul c\u0103 adun\u0103rile sunt organizate pentru \u201ea verifica preg\u0103tirea concet\u0103\u021benilor pentru ap\u0103rarea republicii de Moldova \u0219i Ucraina\u201d.<\/p>\n<p>Filipenko a amintit c\u0103 forma\u021biunile militare ale separati\u0219tilor transnistreni \u201enu sunt doar o rezerv\u0103 pentru contingentul militar rus (\u00een ultimul timp, r\u00e2ndurile GOTR sunt completat de localnici cu cet\u0103\u021benie rus\u0103), ci \u0219i o parte de facto a armatei ruse\u201d.<\/p>\n<p>\u00cen acela\u0219i timp, el admite c\u0103 motivele mobiliz\u0103rii ar putea fi \u015fi altele.<\/p>\n<p>\u201eProblemele \u00een economie \u0219i sc\u0103derea nivelului de trai provoac\u0103 deja un murmur surd printre locuitorii enclavei. Recent, la Tiraspol a avut loc un miting organizat de Partidul Comunist din Transnistria. Num\u0103rul participan\u021bilor a fost de la 200 (datele oficiale) p\u00e2n\u0103 la 500 (datele organizatorilor). Pentru Transnistria, ac\u0163iunile de protest nu sunt ceva obi\u0219nuit, aceasta este destul de mult. \u0218i, dup\u0103 cum \u0219tim, cel mai bun mod de a distrage aten\u021bia publicului de la problemele interne este amenin\u021bare extern\u0103\u201d, consider\u0103 analistul politic, care sus\u0163ine c\u0103 trebuie urm\u0103rit \u00eendeaproape ceea ce se \u00eent\u00e2mpl\u0103 pe teritoriul enclavei separatiste, deoarece \u201epericolele trebuie s\u0103 fie evaluate \u00een mod corespunz\u0103tor\u201d.<\/p>\n<p>Sursa:<\/p>\n<p><a href=\"http:\/\/www.infotag.md\/rebelion-ro\/255660\/\">http:\/\/www.infotag.md\/rebelion-ro\/255660\/<\/a><\/p>\n","protected":false},"excerpt":{"rendered":"<p>\u00cen Transnistria se desf\u0103\u015foar\u0103 \u00een premier\u0103 \u201eexerci\u0163iul de mobilizare general\u0103 a resurselor umane\u201d. Potrivit agen\u0163iei INFOTAG cu referire la site-ul MAI al autoproclamatei RMN, scopul principal al mobiliz\u0103rii este de \u201ea instrui solda\u0163ii \u00een rezerv\u0103 referitor la ac\u0163iunile de salvare a oamenilor la lichidarea consecin\u021belor situa\u021biilor excep\u021bionale de ordin natural sau tehnic\u201d. Majoritatea b\u0103rba\u0163ilor din&#8230;<\/p>\n","protected":false},"author":2,"featured_media":0,"comment_status":"closed","ping_status":"open","sticky":false,"template":"","format":"standard","meta":[],"categories":[1],"tags":[],"_links":{"self":[{"href":"https:\/\/centers.ulbsibiu.ro\/ccsprise\/lact\/wp-json\/wp\/v2\/posts\/3806"}],"collection":[{"href":"https:\/\/centers.ulbsibiu.ro\/ccsprise\/lact\/wp-json\/wp\/v2\/posts"}],"about":[{"href":"https:\/\/centers.ulbsibiu.ro\/ccsprise\/lact\/wp-json\/wp\/v2\/types\/post"}],"author":[{"embeddable":true,"href":"https:\/\/centers.ulbsibiu.ro\/ccsprise\/lact\/wp-json\/wp\/v2\/users\/2"}],"replies":[{"embeddable":true,"href":"https:\/\/centers.ulbsibiu.ro\/ccsprise\/lact\/wp-json\/wp\/v2\/comments?post=3806"}],"version-history":[{"count":1,"href":"https:\/\/centers.ulbsibiu.ro\/ccsprise\/lact\/wp-json\/wp\/v2\/posts\/3806\/revisions"}],"predecessor-version":[{"id":3807,"href":"https:\/\/centers.ulbsibiu.ro\/ccsprise\/lact\/wp-json\/wp\/v2\/posts\/3806\/revisions\/3807"}],"wp:attachment":[{"href":"https:\/\/centers.ulbsibiu.ro\/ccsprise\/lact\/wp-json\/wp\/v2\/media?parent=3806"}],"wp:term":[{"taxonomy":"category","embeddable":true,"href":"https:\/\/centers.ulbsibiu.ro\/ccsprise\/lact\/wp-json\/wp\/v2\/categories?post=3806"},{"taxonomy":"post_tag","embeddable":true,"href":"https:\/\/centers.ulbsibiu.ro\/ccsprise\/lact\/wp-json\/wp\/v2\/tags?post=3806"}],"curies":[{"name":"wp","href":"https:\/\/api.w.org\/{rel}","templated":true}]}}