{"id":3804,"date":"2017-11-17T17:54:24","date_gmt":"2017-11-17T15:54:24","guid":{"rendered":"https:\/\/centers.ulbsibiu.ro\/ccsprise\/lact\/?p=3804"},"modified":"2017-11-17T17:54:24","modified_gmt":"2017-11-17T15:54:24","slug":"17-11-2017-krasnoselski-refuza-propunerea-lui-dodon-de-a-federaliza-rep-moldova","status":"publish","type":"post","link":"https:\/\/centers.ulbsibiu.ro\/ccsprise\/lact\/17-11-2017-krasnoselski-refuza-propunerea-lui-dodon-de-a-federaliza-rep-moldova\/","title":{"rendered":"17.11.2017: Krasnoselski refuz\u0103 propunerea lui Dodon de a federaliza Rep. Moldova"},"content":{"rendered":"<p class=\"story-body__introduction\"><strong>Autorit\u0103\u021bile transnistrene nu inten\u021bioneaz\u0103 s\u0103 poarte negocieri politice despre o eventual\u0103 reintegrare \u00een baza federaliz\u0103rii Republicii Moldova, despre care vorbe\u0219te pre\u0219edintele Igor Dodon. Declara\u021bii \u00een acest sens au fost f\u0103cute de liderul administra\u021biei separatiste de la Tiraspol, Vadim Krasnoselski, \u00eentr-un interviu pentru publica\u021bia ruseasc\u0103 \u201eNezavismaia Gazeta\u201d, transmite <a href=\"http:\/\/radiochisinau.md\/liderul-separatist-de-la-tiraspol-refuza-oferta-lui-igor-dodon-privind-federalizarea-rmoldova---59398.html\">Radio Chi\u0219in\u0103u<\/a>.<\/strong><\/p>\n<p class=\"story-body__introduction\"><a href=\"http:\/\/infoprut.ro\/48676-krasnoselski-refuza-propunerea-lui-dodon-de-a-federaliza-rep-moldova.html\/igor-dodon-l-a-invitat-pe-vadim-krasnoselski-la-chisinau-vor-discuta-despre-organizarea-controlului-vamal-moldo-ucrainean-1490333807\" rel=\"attachment wp-att-48677\"><img loading=\"lazy\" class=\"aligncenter wp-image-48677 size-full\" src=\"http:\/\/infoprut.ro\/wp-content\/uploads\/2017\/11\/igor-dodon-l-a-invitat-pe-vadim-krasnoselski-la-chisinau-vor-discuta-despre-organizarea-controlului-vamal-moldo-ucrainean-1490333807-e1510926466841.jpg\" alt=\"\" width=\"600\" height=\"400\" \/><\/a><\/p>\n<div class=\"articleContent\">\n<p><em>\u201e\u00cen baza constitu\u021biei Transnistriei, orice dialog politic este exclus. Nimeni nu are dreptul s\u0103 vorbeasc\u0103 despre o reglementare politic\u0103 ast\u0103zi\u201d<\/em>, a declarat Krasnoselski, citat de agen\u021bia oficial\u0103 \u201eNovosti PMR\u201d.<\/p>\n<p>El a accentuat c\u0103 Republica Moldova este un stat unitar, ceea ce nu-i d\u0103 dreptul lui Igor Dodon s\u0103 poarte discu\u021bii despre o reglementare politic\u0103 a problemei transnistrene \u00een baza unei federa\u021bii.<\/p>\n<p><em>\u201eDodon, de altfel, \u0219i-a schimbat de patru ori pozi\u021bia. Mai \u00eent\u00e2i a vorbit despre o federa\u021bie, dup\u0103 asta despre o autonomie, pe urm\u0103 despre un statut special \u0219i acum, din nou, despre federa\u021bie. Noi ce-ar trebui s\u0103 punem la baz\u0103? \u00cen fond, dac\u0103 vorbim despre o reglementare politic\u0103, noi trebuie s\u0103 implement\u0103m sistemele legale ale celor dou\u0103 p\u0103r\u021bi, iar asta este imposibil\u201d<\/em>, afirm\u0103 liderul separatist.<\/p>\n<p>Acest lucru nu este posibil, potrivit lui Vadim Krasnoselski, deoarece \u00een\u00a0regiunea transnistrean\u0103\u00a0ar fi aplicat\u0103 legisla\u021bia dup\u0103 modelul rusesc, \u00een timp ce pe malul drept al Nistrului \u2013 dup\u0103 modelul rom\u00e2nesc.<\/p>\n<p>\u00cen acela\u0219i timp, refuzul lui Vadim Krasnoselski de a discuta reglementarea politic\u0103 a conflictului transnistrean vine dup\u0103 anun\u021bul convoc\u0103rii unei noi\u00a0runde de negocieri \u00een formatul 5+2, la Viena, pe 27-28 noiembrie.<\/p>\n<p>Sursa:<\/p>\n<p><a href=\"http:\/\/infoprut.ro\/48676-krasnoselski-refuza-propunerea-lui-dodon-de-a-federaliza-rep-moldova.html\">http:\/\/infoprut.ro\/48676-krasnoselski-refuza-propunerea-lui-dodon-de-a-federaliza-rep-moldova.html<\/a><\/p>\n<\/div>\n","protected":false},"excerpt":{"rendered":"<p>Autorit\u0103\u021bile transnistrene nu inten\u021bioneaz\u0103 s\u0103 poarte negocieri politice despre o eventual\u0103 reintegrare \u00een baza federaliz\u0103rii Republicii Moldova, despre care vorbe\u0219te pre\u0219edintele Igor Dodon. Declara\u021bii \u00een acest sens au fost f\u0103cute de liderul administra\u021biei separatiste de la Tiraspol, Vadim Krasnoselski, \u00eentr-un interviu pentru publica\u021bia ruseasc\u0103 \u201eNezavismaia Gazeta\u201d, transmite Radio Chi\u0219in\u0103u. \u201e\u00cen baza constitu\u021biei Transnistriei, orice dialog&#8230;<\/p>\n","protected":false},"author":2,"featured_media":0,"comment_status":"closed","ping_status":"open","sticky":false,"template":"","format":"standard","meta":[],"categories":[1],"tags":[],"_links":{"self":[{"href":"https:\/\/centers.ulbsibiu.ro\/ccsprise\/lact\/wp-json\/wp\/v2\/posts\/3804"}],"collection":[{"href":"https:\/\/centers.ulbsibiu.ro\/ccsprise\/lact\/wp-json\/wp\/v2\/posts"}],"about":[{"href":"https:\/\/centers.ulbsibiu.ro\/ccsprise\/lact\/wp-json\/wp\/v2\/types\/post"}],"author":[{"embeddable":true,"href":"https:\/\/centers.ulbsibiu.ro\/ccsprise\/lact\/wp-json\/wp\/v2\/users\/2"}],"replies":[{"embeddable":true,"href":"https:\/\/centers.ulbsibiu.ro\/ccsprise\/lact\/wp-json\/wp\/v2\/comments?post=3804"}],"version-history":[{"count":1,"href":"https:\/\/centers.ulbsibiu.ro\/ccsprise\/lact\/wp-json\/wp\/v2\/posts\/3804\/revisions"}],"predecessor-version":[{"id":3805,"href":"https:\/\/centers.ulbsibiu.ro\/ccsprise\/lact\/wp-json\/wp\/v2\/posts\/3804\/revisions\/3805"}],"wp:attachment":[{"href":"https:\/\/centers.ulbsibiu.ro\/ccsprise\/lact\/wp-json\/wp\/v2\/media?parent=3804"}],"wp:term":[{"taxonomy":"category","embeddable":true,"href":"https:\/\/centers.ulbsibiu.ro\/ccsprise\/lact\/wp-json\/wp\/v2\/categories?post=3804"},{"taxonomy":"post_tag","embeddable":true,"href":"https:\/\/centers.ulbsibiu.ro\/ccsprise\/lact\/wp-json\/wp\/v2\/tags?post=3804"}],"curies":[{"name":"wp","href":"https:\/\/api.w.org\/{rel}","templated":true}]}}