{"id":3792,"date":"2017-11-15T20:42:25","date_gmt":"2017-11-15T18:42:25","guid":{"rendered":"https:\/\/centers.ulbsibiu.ro\/ccsprise\/lact\/?p=3792"},"modified":"2017-11-15T20:42:25","modified_gmt":"2017-11-15T18:42:25","slug":"15-11-2017-negocierile-pentru-reglementarea-transnistreana-in-formatul-52-vor-avea-loc-pe-27-28-noiembrie","status":"publish","type":"post","link":"https:\/\/centers.ulbsibiu.ro\/ccsprise\/lact\/15-11-2017-negocierile-pentru-reglementarea-transnistreana-in-formatul-52-vor-avea-loc-pe-27-28-noiembrie\/","title":{"rendered":"15.11.2017: NEGOCIERILE PENTRU REGLEMENTAREA TRANSNISTREAN\u0102 \u00ceN FORMATUL \u201e5+2\u201d VOR AVEA LOC PE 27-28 NOIEMBRIE"},"content":{"rendered":"<p>Runda de negocieri pentru reglementarea transnistrean\u0103 \u00een formatul \u201e5+2\u201d vor avea loc pe 27-28 noiembrie la Viena. Potrivit agen\u0163iei INFOTAG, anun\u0163ul a fost f\u0103cut miercuri de vicepremierul pentru Reintegrare, Gheorghe B\u0103lan.<\/p>\n<p>Potrivit lui, invita\u021bia a venit din partea pre\u015fedin\u0163iei Austriei \u00een OSCE, iar to\u0163i participan\u0163ii la negocieri au sprijinit \u00een cadrul consult\u0103rilor anterioare propunerea de reluare a acestora.<\/p>\n<p>\u201e\u00cen etapa urm\u0103toare, vor fi f\u0103cute propunerile pentru agenda \u00eentrevederii. P\u0103r\u0163ile au sprijinit ca toate chestiunile s\u0103 fie discutate \u00een cadrul \u201eBerlin plus\u201d, care include c\u00e2teva probleme ale Chi\u015fin\u0103ului \u015fi Tiraspolului\u201d, a spus B\u0103lan.<\/p>\n<p>Dup\u0103 cum a informat anterior INFOTAG, negocierile \u00een formatul \u201e5+2\u201d nu s-au mai desf\u0103\u015furat din aprilie 2014. \u00cen iunie 2016, la Berlin a avut loc o reuniune informal\u0103 a negociatorilor, la care a fost elaborat un protocol care include o serie de cerin\u021be din partea Tiraspolului. S-a decis c\u0103, dup\u0103 \u00eendeplinirea protocolului, va fi luat\u0103 o hot\u0103r\u00e2re privind reluarea negocierilor. \u00cens\u0103 protocolul nu a fost realizat, iar participan\u021bii formatul \u201e5+2\u201d nu s-au mai \u00eent\u00e2lnit.<\/p>\n<p>\u00cen anul curent, protocolul de la Berlin a fost completat cu c\u00e2teva condi\u021bii ale Chi\u0219in\u0103ului, datorit\u0103 c\u0103rora a fost format pachetul \u201eBerlin +\u201d. Acesta include patru probleme asupra solu\u021bion\u0103rii c\u0103rora insist\u0103 Chi\u0219in\u0103ul \u0219i Tiraspolul. Una dintre cerin\u021bele Chi\u0219in\u0103ului a fost deja \u00eendeplinit\u0103: \u00een timpul unei \u00eent\u00e2lniri \u00een formatul \u201e1+1\u201d, la \u00eenceputul lunii noiembrie, a fost luat\u0103 decizia de a relua traficul pe podul peste Nistru \u00een apropierea satului Gura B\u00e2cului \u0219i B\u00eecioc. Deschiderea oficial\u0103 a podului este programat\u0103 pentru 20 noiembrie.<\/p>\n<p>Sursa:<\/p>\n<p><a href=\"http:\/\/www.infotag.md\/rebelion-ro\/255480\/\">http:\/\/www.infotag.md\/rebelion-ro\/255480\/<\/a><\/p>\n","protected":false},"excerpt":{"rendered":"<p>Runda de negocieri pentru reglementarea transnistrean\u0103 \u00een formatul \u201e5+2\u201d vor avea loc pe 27-28 noiembrie la Viena. Potrivit agen\u0163iei INFOTAG, anun\u0163ul a fost f\u0103cut miercuri de vicepremierul pentru Reintegrare, Gheorghe B\u0103lan. Potrivit lui, invita\u021bia a venit din partea pre\u015fedin\u0163iei Austriei \u00een OSCE, iar to\u0163i participan\u0163ii la negocieri au sprijinit \u00een cadrul consult\u0103rilor anterioare propunerea de&#8230;<\/p>\n","protected":false},"author":2,"featured_media":0,"comment_status":"closed","ping_status":"open","sticky":false,"template":"","format":"standard","meta":[],"categories":[1],"tags":[],"_links":{"self":[{"href":"https:\/\/centers.ulbsibiu.ro\/ccsprise\/lact\/wp-json\/wp\/v2\/posts\/3792"}],"collection":[{"href":"https:\/\/centers.ulbsibiu.ro\/ccsprise\/lact\/wp-json\/wp\/v2\/posts"}],"about":[{"href":"https:\/\/centers.ulbsibiu.ro\/ccsprise\/lact\/wp-json\/wp\/v2\/types\/post"}],"author":[{"embeddable":true,"href":"https:\/\/centers.ulbsibiu.ro\/ccsprise\/lact\/wp-json\/wp\/v2\/users\/2"}],"replies":[{"embeddable":true,"href":"https:\/\/centers.ulbsibiu.ro\/ccsprise\/lact\/wp-json\/wp\/v2\/comments?post=3792"}],"version-history":[{"count":1,"href":"https:\/\/centers.ulbsibiu.ro\/ccsprise\/lact\/wp-json\/wp\/v2\/posts\/3792\/revisions"}],"predecessor-version":[{"id":3793,"href":"https:\/\/centers.ulbsibiu.ro\/ccsprise\/lact\/wp-json\/wp\/v2\/posts\/3792\/revisions\/3793"}],"wp:attachment":[{"href":"https:\/\/centers.ulbsibiu.ro\/ccsprise\/lact\/wp-json\/wp\/v2\/media?parent=3792"}],"wp:term":[{"taxonomy":"category","embeddable":true,"href":"https:\/\/centers.ulbsibiu.ro\/ccsprise\/lact\/wp-json\/wp\/v2\/categories?post=3792"},{"taxonomy":"post_tag","embeddable":true,"href":"https:\/\/centers.ulbsibiu.ro\/ccsprise\/lact\/wp-json\/wp\/v2\/tags?post=3792"}],"curies":[{"name":"wp","href":"https:\/\/api.w.org\/{rel}","templated":true}]}}