{"id":3790,"date":"2017-11-15T20:23:13","date_gmt":"2017-11-15T18:23:13","guid":{"rendered":"https:\/\/centers.ulbsibiu.ro\/ccsprise\/lact\/?p=3790"},"modified":"2017-11-15T20:23:13","modified_gmt":"2017-11-15T18:23:13","slug":"15-11-2017-rusia-pregateste-razboiul-la-granitele-romaniei-alerta-la-mapn-tactici-perverse-de-la-moscova","status":"publish","type":"post","link":"https:\/\/centers.ulbsibiu.ro\/ccsprise\/lact\/15-11-2017-rusia-pregateste-razboiul-la-granitele-romaniei-alerta-la-mapn-tactici-perverse-de-la-moscova\/","title":{"rendered":"15.11.2017: RUSIA PREG\u0102TE\u0218TE R\u0102ZBOIUL la grani\u021bele Rom\u00e2niei! Alert\u0103 la MApN! Tactici perverse de la Moscova"},"content":{"rendered":"<p><b>Majoritatea b\u0103rba\u021bilor din regiunea transnistrean\u0103 au primit \u00een ultima lun\u0103 cita\u021bii din partea a\u0219a-numitului minister al ap\u0103r\u0103rii pentru a participa la ceea ce administra\u021bia de la Tiraspol nume\u0219te un exerci\u021biu de mobilizare general\u0103 care va avea loc pe data de 17 noiembrie.<\/b><br \/>\n<!-- 300x250googedirect--><\/p>\n<p><!-- copart --><\/p>\n<div class=\"corp-articol\"><!--  -->Exerci\u021bii de mobilizare a civililor vor avea loc \u00een toate ora\u0219ele \u0219i raionale din regiunea transnistrean\u0103 \u0219i se desf\u0103\u0219oar\u0103 pentru prima dat\u0103. Ini\u021biativa a trezit reac\u021bii de nemul\u021bumire \u00een r\u00e2ndul popula\u021biei, chiar dac\u0103 majoritatea oamenilor evit\u0103 s\u0103 comenteze subiectul \u00een public.<\/p>\n<p><!-- \/1011785\/evz.ro_async\/text_link_desktop_p1 --><\/p>\n<div id=\"div-gpt-ad-1510326725602-0\">\n<div id=\"google_ads_iframe_\/1011785\/evz.ro_async\/text_link_desktop_p1_0__container__\"><iframe id=\"google_ads_iframe_\/1011785\/evz.ro_async\/text_link_desktop_p1_0\" title=\"3rd party ad content\" name=\"google_ads_iframe_\/1011785\/evz.ro_async\/text_link_desktop_p1_0\" width=\"580\" height=\"50\" frameborder=\"0\" marginwidth=\"0\" marginheight=\"0\" scrolling=\"no\" data-mce-fragment=\"1\"><\/iframe><\/div>\n<\/div>\n<p><!-- \/1011785\/evz.ro_async\/text_link_mobile_p1 --><\/p>\n<div id=\"div-gpt-ad-1510326725602-2\"><\/div>\n<p>Exerci\u021biul are loc prin dispozi\u021bia liderului transnistrean Vadim Krasnoselski \u00een conformitate cu legea privind ap\u0103rarea \u0219i cea privind mobilizarea \u0219i preg\u0103tirea de mobilizare a regiunii din st\u00e2nga Nistrului.<\/p>\n<p>Portalul oficial de \u0219tiri de la Tiraspol Novosti PMR scrie c\u0103 \u201emobilizarea resurselor umane care va avea loc pe data de 17 noiembrie este subiectul cel mai discutat al acestei perioade, care treze\u0219te reac\u021bii neunivoce, care merg p\u00e2n\u0103 la neacceptare \u0219i chiar panic\u0103\u201d.<\/p>\n<p>\u00cencerc\u00e2nd s\u0103 calmeze nemul\u021bumirea oamenilor, departamentul de ap\u0103rare din cadrul executivului de la Tiraspol a <a href=\"http:\/\/evz.ro\/micaa%20href=\">anun\u021b<\/a>at la postul public de televiziune c\u0103 \u201eexerci\u021biile pentru mobilizarea resurselor umane sunt un element planificat al ap\u0103r\u0103rii civile\u201d.<\/p>\n<p>Adjunctul de la departamentul ap\u0103r\u0103rii de la Tiraspol, Alexandr Donikov, a declarat \u00een cadrul unei emisiuni TV c\u0103 evenimentul nu trebuie s\u0103 genereze panic\u0103 \u0219i c\u0103 \u201emobilizarea are un caracter pa\u0219nic \u0219i este un element al ap\u0103r\u0103rii civile\u201d, iar mobiliz\u0103ri de acest fel \u201eorganizeaz\u0103 toate \u021b\u0103rile din lume\u201d, declara\u021bie care, de altfel, nu corespunde realit\u0103\u021bii.<\/p>\n<p>Demnitarul transnistrean a subliniat c\u0103 una din sarcinile mobiliz\u0103rii este \u201eminimizarea consecin\u021belor posibile ale situa\u021biilor excep\u021bionale\u201d. \u201ePentru a reac\u021biona eficient \u0219i la timp conducerea \u0219i institu\u021biile de for\u021b\u0103 trebuie s\u0103 cunoasc\u0103 informa\u021bia cu privire la resursele umane pe care ar putea miza \u00een caz de necesitate\u201d, a spus Alexandr Donikov, preciz\u00e2nd c\u0103 p\u00e2n\u0103 \u00een prezent administra\u021bia de la Tiraspol nu a reu\u0219it s\u0103 contabilizeze resursele umane pe care ar putea miza \u00een caz de for\u021b\u0103 major\u0103.<\/p>\n<p>Sursa:<\/p>\n<p><a href=\"http:\/\/evz.ro\/transnistria-se-pregateste-de-razboi-ministerul-apararii-a-decre.html\">http:\/\/evz.ro\/transnistria-se-pregateste-de-razboi-ministerul-apararii-a-decre.html<\/a><\/p>\n<\/div>\n","protected":false},"excerpt":{"rendered":"<p>Majoritatea b\u0103rba\u021bilor din regiunea transnistrean\u0103 au primit \u00een ultima lun\u0103 cita\u021bii din partea a\u0219a-numitului minister al ap\u0103r\u0103rii pentru a participa la ceea ce administra\u021bia de la Tiraspol nume\u0219te un exerci\u021biu de mobilizare general\u0103 care va avea loc pe data de 17 noiembrie. Exerci\u021bii de mobilizare a civililor vor avea loc \u00een toate ora\u0219ele \u0219i raionale&#8230;<\/p>\n","protected":false},"author":2,"featured_media":0,"comment_status":"closed","ping_status":"open","sticky":false,"template":"","format":"standard","meta":[],"categories":[1],"tags":[],"_links":{"self":[{"href":"https:\/\/centers.ulbsibiu.ro\/ccsprise\/lact\/wp-json\/wp\/v2\/posts\/3790"}],"collection":[{"href":"https:\/\/centers.ulbsibiu.ro\/ccsprise\/lact\/wp-json\/wp\/v2\/posts"}],"about":[{"href":"https:\/\/centers.ulbsibiu.ro\/ccsprise\/lact\/wp-json\/wp\/v2\/types\/post"}],"author":[{"embeddable":true,"href":"https:\/\/centers.ulbsibiu.ro\/ccsprise\/lact\/wp-json\/wp\/v2\/users\/2"}],"replies":[{"embeddable":true,"href":"https:\/\/centers.ulbsibiu.ro\/ccsprise\/lact\/wp-json\/wp\/v2\/comments?post=3790"}],"version-history":[{"count":1,"href":"https:\/\/centers.ulbsibiu.ro\/ccsprise\/lact\/wp-json\/wp\/v2\/posts\/3790\/revisions"}],"predecessor-version":[{"id":3791,"href":"https:\/\/centers.ulbsibiu.ro\/ccsprise\/lact\/wp-json\/wp\/v2\/posts\/3790\/revisions\/3791"}],"wp:attachment":[{"href":"https:\/\/centers.ulbsibiu.ro\/ccsprise\/lact\/wp-json\/wp\/v2\/media?parent=3790"}],"wp:term":[{"taxonomy":"category","embeddable":true,"href":"https:\/\/centers.ulbsibiu.ro\/ccsprise\/lact\/wp-json\/wp\/v2\/categories?post=3790"},{"taxonomy":"post_tag","embeddable":true,"href":"https:\/\/centers.ulbsibiu.ro\/ccsprise\/lact\/wp-json\/wp\/v2\/tags?post=3790"}],"curies":[{"name":"wp","href":"https:\/\/api.w.org\/{rel}","templated":true}]}}