{"id":3770,"date":"2017-11-14T20:42:10","date_gmt":"2017-11-14T18:42:10","guid":{"rendered":"https:\/\/centers.ulbsibiu.ro\/ccsprise\/lact\/?p=3770"},"modified":"2017-11-14T20:43:11","modified_gmt":"2017-11-14T18:43:11","slug":"14-11-2017-dodon-readuce-discutiile-despre-federalizare-transnistria-trebuie-sa-aiba-presedinte-parlament-guvern-si-propriul-drapel-oficialul-opteaza-si-pentru-lichidarea-armate","status":"publish","type":"post","link":"https:\/\/centers.ulbsibiu.ro\/ccsprise\/lact\/14-11-2017-dodon-readuce-discutiile-despre-federalizare-transnistria-trebuie-sa-aiba-presedinte-parlament-guvern-si-propriul-drapel-oficialul-opteaza-si-pentru-lichidarea-armate\/","title":{"rendered":"14.11.2017: Dodon readuce discu\u021biile despre FEDERALIZARE: \u201eTransnistria trebuie s\u0103 aib\u0103 pre\u0219edinte, parlament, guvern \u0219i propriul drapel\u201d. Oficialul opteaz\u0103 \u0219i pentru LICHIDAREA armatei"},"content":{"rendered":"<p>Pre\u0219edintele Igor Dodon continu\u0103 s\u0103 cread\u0103 c\u0103 cea mai bun\u0103 solu\u021bie pentru solu\u021bionarea diferendumului transnistrean este federalizarea R. Moldova. Pentru ca Tiraspolul s\u0103 accepte aceast\u0103 solu\u021bie, Dodon le promite separati\u0219tilor c\u0103 vor avea propriul pre\u0219edinte, parlament, guvern, dar \u0219i drapel.<\/p>\n<p>\u201eTo\u021bi cunosc pozi\u021bia mea privind federalizarea. Nu conteaz\u0103 cum se va numi. Poate fi federa\u021bie, autonomie \u0219i a\u0219a mai departe. Eu consider c\u0103 toate prerogativele pe care le are ast\u0103zi Tiraspolul trebuie p\u0103strate. S\u0103 aib\u0103 parlament, pre\u0219edinte, guvern sau drapel. Noi nu vom \u00eencasa nicio copeic\u0103 din bugetul Transnistriei. Trebuie s\u0103 avem o statalitate comun\u0103, un sistem financiar-bancar comun \u0219i o politic\u0103 extern\u0103 comun\u0103\u201d, a declarat Dodon \u00eentr-un interviu pentru presa din Rusia.<\/p>\n<p>\u00cen acela\u0219i context, Dodon spune c\u0103 grani\u021bele Transnistriei trebuie s\u0103 fie comune cu ale R. Moldova.<br \/>\n<ins class=\"adsbygoogle\" data-ad-layout=\"in-article\" data-ad-format=\"fluid\" data-ad-client=\"ca-pub-8819619377572069\" data-ad-slot=\"1828436003\"><\/ins><\/p>\n<p>\u201eNoi nu avem nevoie de armat\u0103. Moldova este o \u021bar\u0103 neutr\u0103, iar din acest motiv nu trebuie s\u0103 fie for\u021be armate nici \u00een dreapta, dar nici \u00een st\u00e2nga Nistrului. Cu cine s\u0103 lupt\u0103m noi? Pentru ca s\u0103 reunific\u0103m republica trebuie s\u0103 \u00eendeplinim dou\u0103 condi\u021bii. E vorba de neutralitate, care s\u0103 fie recunoscut\u0103 de marii juc\u0103tori interna\u021bionali. De asemenea, trebuie s\u0103 oferim Transnistriei dreptul la autodeterminare \u00een cazul \u00een care R. Moldova \u00ee\u0219i pierde statalitatea. Eu cred c\u0103 noi trebuie s\u0103 ajungem la o \u00een\u021belegere cu Tiraspolul. Cei de acolo au dou\u0103 op\u021biuni: s\u0103 devin\u0103 parte a Ucrainei sau parte a R. Moldova. Cred c\u0103 pentru Tiraspol ar fi mai bine s\u0103 fie parte a R. Moldova\u201d, a mai ad\u0103ugat \u0219eful statului.<\/p>\n<p>Sursa:<\/p>\n<p><a href=\"http:\/\/www.ziarulnational.md\/dodon-readuce-discutiile-despre-federalizare-transnistria-trebuie-sa-aiba-presedinte-parlament-guvern-si-propriul-drapel-oficialul-opteaza-si-pentru-lichidarea-armatei\/\">http:\/\/www.ziarulnational.md\/dodon-readuce-discutiile-despre-federalizare-transnistria-trebuie-sa-aiba-presedinte-parlament-guvern-si-propriul-drapel-oficialul-opteaza-si-pentru-lichidarea-armatei\/<\/a><\/p>\n","protected":false},"excerpt":{"rendered":"<p>Pre\u0219edintele Igor Dodon continu\u0103 s\u0103 cread\u0103 c\u0103 cea mai bun\u0103 solu\u021bie pentru solu\u021bionarea diferendumului transnistrean este federalizarea R. Moldova. Pentru ca Tiraspolul s\u0103 accepte aceast\u0103 solu\u021bie, Dodon le promite separati\u0219tilor c\u0103 vor avea propriul pre\u0219edinte, parlament, guvern, dar \u0219i drapel. \u201eTo\u021bi cunosc pozi\u021bia mea privind federalizarea. Nu conteaz\u0103 cum se va numi. Poate fi federa\u021bie,&#8230;<\/p>\n","protected":false},"author":2,"featured_media":0,"comment_status":"closed","ping_status":"open","sticky":false,"template":"","format":"standard","meta":[],"categories":[1],"tags":[],"_links":{"self":[{"href":"https:\/\/centers.ulbsibiu.ro\/ccsprise\/lact\/wp-json\/wp\/v2\/posts\/3770"}],"collection":[{"href":"https:\/\/centers.ulbsibiu.ro\/ccsprise\/lact\/wp-json\/wp\/v2\/posts"}],"about":[{"href":"https:\/\/centers.ulbsibiu.ro\/ccsprise\/lact\/wp-json\/wp\/v2\/types\/post"}],"author":[{"embeddable":true,"href":"https:\/\/centers.ulbsibiu.ro\/ccsprise\/lact\/wp-json\/wp\/v2\/users\/2"}],"replies":[{"embeddable":true,"href":"https:\/\/centers.ulbsibiu.ro\/ccsprise\/lact\/wp-json\/wp\/v2\/comments?post=3770"}],"version-history":[{"count":2,"href":"https:\/\/centers.ulbsibiu.ro\/ccsprise\/lact\/wp-json\/wp\/v2\/posts\/3770\/revisions"}],"predecessor-version":[{"id":3772,"href":"https:\/\/centers.ulbsibiu.ro\/ccsprise\/lact\/wp-json\/wp\/v2\/posts\/3770\/revisions\/3772"}],"wp:attachment":[{"href":"https:\/\/centers.ulbsibiu.ro\/ccsprise\/lact\/wp-json\/wp\/v2\/media?parent=3770"}],"wp:term":[{"taxonomy":"category","embeddable":true,"href":"https:\/\/centers.ulbsibiu.ro\/ccsprise\/lact\/wp-json\/wp\/v2\/categories?post=3770"},{"taxonomy":"post_tag","embeddable":true,"href":"https:\/\/centers.ulbsibiu.ro\/ccsprise\/lact\/wp-json\/wp\/v2\/tags?post=3770"}],"curies":[{"name":"wp","href":"https:\/\/api.w.org\/{rel}","templated":true}]}}