{"id":3764,"date":"2017-11-13T21:00:41","date_gmt":"2017-11-13T19:00:41","guid":{"rendered":"https:\/\/centers.ulbsibiu.ro\/ccsprise\/lact\/?p=3764"},"modified":"2017-11-13T21:00:41","modified_gmt":"2017-11-13T19:00:41","slug":"10-11-2017-promo-lex-reitereaza-si-vine-cu-noi-constatari-privind-situatia-drepturilor-omului-in-regiunea-transnistreana","status":"publish","type":"post","link":"https:\/\/centers.ulbsibiu.ro\/ccsprise\/lact\/10-11-2017-promo-lex-reitereaza-si-vine-cu-noi-constatari-privind-situatia-drepturilor-omului-in-regiunea-transnistreana\/","title":{"rendered":"10.11.2017: Promo-LEX reitereaz\u0103 \u0219i vine cu noi constat\u0103ri privind situa\u021bia drepturilor omului \u00een regiunea transnistrean\u0103"},"content":{"rendered":"<p>\u00cen prima jum\u0103tate a anului 2017 nu au avut loc \u00eembun\u0103t\u0103\u021biri privind situa\u021bia drepturilor cet\u0103\u021benilor din st\u00e2nga Nistrului. \u00cens\u0103, Promo-LEX constat\u0103 c\u0103 ar putea fi \u00eenregistrate progrese dac\u0103 organiza\u021biile neguvernamentale, jurnali\u0219tii \u0219i avoca\u021bii ar putea activa nestingherit, iar vinova\u021bii de \u00eenc\u0103lcarea drepturilor omului ar fi tra\u0219i la r\u0103spundere.<\/p>\n<p>Libertatea circula\u021biei, dreptul la educa\u021bie \u0219i la proprietate sunt \u00eenc\u0103lcate frecvent \u00een regiunea transnistrean\u0103. Spre exemplu, cele 33 de posturi vamale ilegale creeaz\u0103 piedici directe pentru exercitarea dreptului la libera circula\u021bie, inclusiv prin obliga\u021bia de completare a \u201dc\u0103r\u021bii migra\u021bionale.\u201d Mai mult, continu\u0103 practica men\u021binerii listelor cu persoane \u201dindezirabile\u201d care este modificat\u0103 f\u0103r\u0103 criterii clare.<\/p>\n<p><strong>50\u20ac amend\u0103 pentru utilizarea alfabetului latin <\/strong><\/p>\n<p>Dreptul la educa\u021bie are numeroase restric\u021bii \u00een regiune, mai ales atunci c\u00e2nd este vorba despre grafia latin\u0103. Astfel, simpla utilizare a alfabetului latin pentru limba\u00a0 \u201dmoldoveneasc\u0103\u201d poate fi pedepsit\u0103 cu amend\u0103 de peste 50 euro. Iar \u00een cazul Liceului \u201dEvrica\u201d din R\u00e2bni\u021ba, institu\u021bia este obligat\u0103 s\u0103 pl\u0103teasc\u0103 peste 30.000 euro anual pentru \u00eenchirierea spa\u021biului.<\/p>\n<p><strong>Mii de fermieri nu-\u0219i primesc \u00eenapoi p\u0103m\u00e2nturile, timp de 13 ani<\/strong><\/p>\n<p>Locuitorii din raionul Dub\u0103sari au r\u0103mas f\u0103r\u0103 terenurile lor agricole deja timp de 13 ani, \u00een timp ce a\u0219a-numita administra\u021bie transnistrean\u0103 a dat aceste p\u0103m\u00e2nturi \u00een arend\u0103 unor agen\u021bi economici locali. Problema cap\u0103t\u0103 propor\u021bii atunci c\u00e2nd devine cunoscut faptul c\u0103 aceste terenuri au o suprafa\u021b\u0103 de circa 6.500 hectare \u2013 aproape jum\u0103tate din teritoriul acestui raion.<\/p>\n<p><strong>Autorit\u0103\u021bile nu au rezultate palpabile<\/strong><\/p>\n<p>De\u0219i Pre\u0219edintele Igor Dodon\u00a0 se pare c\u0103 a stabilit o rela\u021bie de amiabil\u0103 cu reprezentan\u021bii regimului de la Tiraspol, \u00een urma \u00eent\u00e2lnirilor cu Putin \u0219i cu al\u021bi oficiali din administra\u021bia Kremlinului, nu au rezultat abord\u0103ri concrete. La r\u00e2ndul lor, func\u021bionarii din Biroul pentru reintegrare, dup\u0103 cele circa 50 de \u00eent\u00e2lniri cu partenerii externi, nu au stabilit un mecanism eficient de observare sau asigurare a drepturilor omului \u00een regiune.\u00a0 Mai mult, \u00een prima jum\u0103tate a anului 2017, Curtea European\u0103 a emis patru hot\u0103r\u00e2ri \u00een cazul drepturilor locuitorilor din st\u00e2nga Nistrului, \u00een urma c\u0103rora Rusia este obligat\u0103 s\u0103 pl\u0103teasc\u0103 victimelor peste 200.000 euro (!). Pe de alt\u0103 parte, \u00een urma hot\u0103r\u00e2rii Cur\u021bii Constitu\u021bionale prin care au fost declarate ilegale trupele \u0219i bazele militare sta\u021bionate pe teritoriul Moldovei dar controlate de c\u0103tre alte state, Tiraspolul a simplificat la maxim mecanismul de ob\u021binere a cet\u0103\u021beniei autoproclamatei republici nistrene pentru solda\u021bii ru\u0219i.<\/p>\n<p><strong>Curtea European\u0103 \u2013 instan\u021ba interna\u021bional\u0103 care examineaz\u0103 \u00eenc\u0103lc\u0103rile drepturilor omului \u00een regiunea transnistrean\u0103<\/strong><\/p>\n<p>Potrivit Promo-LEX, \u201d<em>hot\u0103r\u00e2rile pronun\u021bate de CtEDO necesit\u0103 s\u0103 fie promovate mai intens de c\u0103tre institu\u021biile relevante, astfel \u00eenc\u00e2t s\u0103 fie g\u0103site metode eficiente de observare \u0219i ap\u0103rare a drepturilor omului \u00een regiunea transnistrean\u0103.\u201d<\/em> \u00cen caz contrar, se perpetueaz\u0103 situa\u021bia \u00een care cei ce au nevoie de ajutor sunt descuraja\u021bi s\u0103 \u00eel cear\u0103, iar cei vinova\u021bi de comiterea \u00eenc\u0103lc\u0103rilor nu sunt tra\u0219i la r\u0103spundere.<\/p>\n<p>\u00cenc\u0103lc\u0103rile constatate, \u00eens\u0103, ar putea fi remediate mai rapid dac\u0103 organiza\u021biile interna\u021bionale (Na\u021biunile Unite, Consiliul Europei, Uniunea European\u0103) ar pune presiune pe administra\u021bia regional\u0103 pentru ca jurnali\u0219tii, organiza\u021biile neguvernamentale \u0219i avoca\u021bii, inclusiv din partea dreapt\u0103 a r\u00e2ului Nistru, s\u0103 poat\u0103 activa nestingherit\u00a0 \u00een regiune. \u00cen rezultat, exper\u021bii ar putea veni cu solu\u021bii clare \u0219i bune pentru garantarea drepturilor omului \u00een regiunea transnistrean\u0103.<\/p>\n<p>Monitorizarea respect\u0103rii drepturilor omului \u00een regiunea transnistrean\u0103 este realizat\u0103 de Promo-LEX \u00een cadrul proiectului \u201dPromovarea respect\u0103rii drepturilor omului \u00een regiunea transnistrean\u0103 a Republicii Moldova\u201d sus\u021binut financiar de c\u0103tre National Endowment for Democracy. Pentru mai multe detalii, citi\u021bi raportul <a href=\"https:\/\/promolex.md\/10727-raport-drepturile-omului-in-regiunea-transnistreana-a-republicii-moldova-ianuarie-iunie-2017\/?lang=ro\" target=\"_blank\" rel=\"noopener\">aici<\/a>.<\/p>\n<p>Sursa:<\/p>\n<p><a href=\"https:\/\/promolex.md\/10755-promo-lex-reitereaza-si-vine-cu-noi-constatari-privind-situatia-drepturilor-omului-in-regiunea-transnistreana\/?lang=ro\">https:\/\/promolex.md\/10755-promo-lex-reitereaza-si-vine-cu-noi-constatari-privind-situatia-drepturilor-omului-in-regiunea-transnistreana\/?lang=ro<\/a><\/p>\n","protected":false},"excerpt":{"rendered":"<p>\u00cen prima jum\u0103tate a anului 2017 nu au avut loc \u00eembun\u0103t\u0103\u021biri privind situa\u021bia drepturilor cet\u0103\u021benilor din st\u00e2nga Nistrului. \u00cens\u0103, Promo-LEX constat\u0103 c\u0103 ar putea fi \u00eenregistrate progrese dac\u0103 organiza\u021biile neguvernamentale, jurnali\u0219tii \u0219i avoca\u021bii ar putea activa nestingherit, iar vinova\u021bii de \u00eenc\u0103lcarea drepturilor omului ar fi tra\u0219i la r\u0103spundere. Libertatea circula\u021biei, dreptul la educa\u021bie \u0219i la&#8230;<\/p>\n","protected":false},"author":2,"featured_media":0,"comment_status":"closed","ping_status":"open","sticky":false,"template":"","format":"standard","meta":[],"categories":[1],"tags":[],"_links":{"self":[{"href":"https:\/\/centers.ulbsibiu.ro\/ccsprise\/lact\/wp-json\/wp\/v2\/posts\/3764"}],"collection":[{"href":"https:\/\/centers.ulbsibiu.ro\/ccsprise\/lact\/wp-json\/wp\/v2\/posts"}],"about":[{"href":"https:\/\/centers.ulbsibiu.ro\/ccsprise\/lact\/wp-json\/wp\/v2\/types\/post"}],"author":[{"embeddable":true,"href":"https:\/\/centers.ulbsibiu.ro\/ccsprise\/lact\/wp-json\/wp\/v2\/users\/2"}],"replies":[{"embeddable":true,"href":"https:\/\/centers.ulbsibiu.ro\/ccsprise\/lact\/wp-json\/wp\/v2\/comments?post=3764"}],"version-history":[{"count":1,"href":"https:\/\/centers.ulbsibiu.ro\/ccsprise\/lact\/wp-json\/wp\/v2\/posts\/3764\/revisions"}],"predecessor-version":[{"id":3765,"href":"https:\/\/centers.ulbsibiu.ro\/ccsprise\/lact\/wp-json\/wp\/v2\/posts\/3764\/revisions\/3765"}],"wp:attachment":[{"href":"https:\/\/centers.ulbsibiu.ro\/ccsprise\/lact\/wp-json\/wp\/v2\/media?parent=3764"}],"wp:term":[{"taxonomy":"category","embeddable":true,"href":"https:\/\/centers.ulbsibiu.ro\/ccsprise\/lact\/wp-json\/wp\/v2\/categories?post=3764"},{"taxonomy":"post_tag","embeddable":true,"href":"https:\/\/centers.ulbsibiu.ro\/ccsprise\/lact\/wp-json\/wp\/v2\/tags?post=3764"}],"curies":[{"name":"wp","href":"https:\/\/api.w.org\/{rel}","templated":true}]}}