{"id":3759,"date":"2017-11-13T20:53:24","date_gmt":"2017-11-13T18:53:24","guid":{"rendered":"https:\/\/centers.ulbsibiu.ro\/ccsprise\/lact\/?p=3759"},"modified":"2017-11-13T20:54:23","modified_gmt":"2017-11-13T18:54:23","slug":"13-11-2017-protestatarii-de-la-tiraspol-si-au-manifestat-neincrederea-fata-de-autoritatile-transnistrene","status":"publish","type":"post","link":"https:\/\/centers.ulbsibiu.ro\/ccsprise\/lact\/13-11-2017-protestatarii-de-la-tiraspol-si-au-manifestat-neincrederea-fata-de-autoritatile-transnistrene\/","title":{"rendered":"13.11.2017: PROTESTATARII DE LA TIRASPOL \u015eI-AU MANIFESTAT NE\u00ceNCREDEREA FA\u0162\u0102 DE AUTORIT\u0102\u0162ILE TRANSNISTRENE"},"content":{"rendered":"<p>Mitingul de protest de la Tiraspol, organizat s\u00e2mb\u0103t\u0103 la ini\u0163iativa Partidului Comunist Transnistrean (PCT), a adunat c\u00e2teva sute de oameni, \u00een special, de v\u00e2rsta a treia, care \u015fi-au manifestat ne\u00eencrederea fa\u0163\u0103 de autorit\u0103\u0163ile transnistrene<\/p>\n<p>Potrivit agen\u0163iei INFOTAG, protestatarii au venit cu steagurile Transnistriei \u0219i PCT \u0219i cu pancarte pe care scria \u201eNu major\u0103rii pre\u0163urilor!\u201d, \u201eSalarii echitabile muncitorilor, pensii decente b\u0103tr\u00e2nilor\u201d, \u201eOferi\u0163i locuri de munc\u0103 tinerilor\u201d, \u201eUnde sunt cele 15 mii de noi locuri de munc\u0103 promise?\u201d, \u201eLibertate de\u0163inu\u0163ilor politici\u201d, \u201eDeputa\u021bii trebuie s\u0103 slujeasc\u0103 poporului\u201d, \u201eBusinessul \u0219i puterea sunt incompatibile\u201d, \u201eNu puterii oligarhilor!\u201d.<\/p>\n<p>\u00cen discursul s\u0103u, liderul PCT, Oleg Horjan, a criticat actuala guvernare care, \u00een opinia sa, a venit s\u0103 se \u00eembog\u0103\u0163easc\u0103 pe seama poporului.<\/p>\n<p>\u201ePe parcursul celor nou\u0103 luni ale noii puteri vechi, \u00een Transnistria nivelului de trai al majorit\u0103\u0163ii oamenilor a sc\u0103zut. Pre\u021burile la produsele alimentare, medicamente \u0219i alte bunuri necesare sunt \u00een continu\u0103 cre\u0219tere. \u00cen urma politicii financiare dezastruoase, \u201eechipa de profesioni\u015fti\u201d a devalorizat rubla, care a dus la faptul c\u0103 transnistrenii de r\u00e2nd au pierdut 40% din venitul lor, f\u0103r\u0103 cea mai mic\u0103 speran\u021b\u0103 c\u0103 vor reu\u015fi s\u0103 recupereze ceea ce li s-a luat. A crescut num\u0103rul oamenilor care pleac\u0103 \u00een str\u0103in\u0103tate, deoarece ei nu \u00ee\u015fi pot g\u0103si un loc de munc\u0103 acas\u0103. Cet\u0103\u021benii pur \u0219i simplu nu li se pl\u0103te\u015fte pentru munc\u0103. Tot mai multe familii transnistrene ajung sub pragul s\u0103r\u0103ciei \u0219i chiar p\u00e2n\u0103 la s\u0103r\u0103cie. Dispar \u00eentreprinderile mici \u0219i mijlocii, pentru care sunt create condi\u021bii insuportabile. \u00centreaga economie a republicii a fost practic sugrumat\u0103 de o companie-monopol (\u201eSheriff\u201c \u2013 \u201eI.\u201c), iar cei care ar putea concura cu aceast\u0103 firm\u0103 sunt for\u021ba\u0163i s\u0103 plece din Transnistria\u201d, a spus el.<\/p>\n<p>\u00cen rezolu\u021bia adoptat\u0103 \u00een cadrul mitingului au fost \u00eenscrise mai multe cerin\u021be, inclusiv \u201ede a-i \u00eenl\u0103tura de la putere pe oligarhii care storc ultima pic\u0103tur\u0103 a republicii \u0219i a portofelelor cet\u0103\u021benilor no\u0219tri, de a opri cre\u0219terea pre\u021burilor la alimente, combustibil, m\u0103rfurile de prim\u0103 necesitate \u0219i medicamente, precum \u0219i de a renun\u0163a la planurile de a anula reglementarea de stat a pre\u021burilor la bunurile de consum\u201d.<\/p>\n<p>Protestatarii au mai cerut \u201emajorarea salariilor \u0219i pensiilor p\u00e2n\u0103 la minimul costul real de existen\u0163\u0103, restituirea pentru popula\u021bie a 40% din pensii \u0219i salarii, pe care transnistrenii le-au pierdut \u00een urma devaloriz\u0103rii rublei, \u00eencetarea persecut\u0103rii politice a cet\u0103\u021benilor \u0219i s\u0103 eliberarea tuturor de\u0163inu\u0163ilor politici\u201d.<\/p>\n<p>\u00cen cazul nerespect\u0103rii cerin\u0163elor, protestatarii \u015fi-au rezervat dreptul de a desf\u0103\u015fura \u201eproteste mai mari \u0219i mai dure pentru a determina autorit\u0103\u021bile transnistrene s\u0103 ia \u00een calcul opinia poporului\u201d.<\/p>\n<p>Sursa:<\/p>\n<p><a href=\"http:\/\/www.infotag.md\/rebelion-ro\/255318\/\">http:\/\/www.infotag.md\/rebelion-ro\/255318\/<\/a><\/p>\n","protected":false},"excerpt":{"rendered":"<p>Mitingul de protest de la Tiraspol, organizat s\u00e2mb\u0103t\u0103 la ini\u0163iativa Partidului Comunist Transnistrean (PCT), a adunat c\u00e2teva sute de oameni, \u00een special, de v\u00e2rsta a treia, care \u015fi-au manifestat ne\u00eencrederea fa\u0163\u0103 de autorit\u0103\u0163ile transnistrene Potrivit agen\u0163iei INFOTAG, protestatarii au venit cu steagurile Transnistriei \u0219i PCT \u0219i cu pancarte pe care scria \u201eNu major\u0103rii pre\u0163urilor!\u201d, \u201eSalarii&#8230;<\/p>\n","protected":false},"author":2,"featured_media":0,"comment_status":"closed","ping_status":"open","sticky":false,"template":"","format":"standard","meta":[],"categories":[1],"tags":[],"_links":{"self":[{"href":"https:\/\/centers.ulbsibiu.ro\/ccsprise\/lact\/wp-json\/wp\/v2\/posts\/3759"}],"collection":[{"href":"https:\/\/centers.ulbsibiu.ro\/ccsprise\/lact\/wp-json\/wp\/v2\/posts"}],"about":[{"href":"https:\/\/centers.ulbsibiu.ro\/ccsprise\/lact\/wp-json\/wp\/v2\/types\/post"}],"author":[{"embeddable":true,"href":"https:\/\/centers.ulbsibiu.ro\/ccsprise\/lact\/wp-json\/wp\/v2\/users\/2"}],"replies":[{"embeddable":true,"href":"https:\/\/centers.ulbsibiu.ro\/ccsprise\/lact\/wp-json\/wp\/v2\/comments?post=3759"}],"version-history":[{"count":2,"href":"https:\/\/centers.ulbsibiu.ro\/ccsprise\/lact\/wp-json\/wp\/v2\/posts\/3759\/revisions"}],"predecessor-version":[{"id":3761,"href":"https:\/\/centers.ulbsibiu.ro\/ccsprise\/lact\/wp-json\/wp\/v2\/posts\/3759\/revisions\/3761"}],"wp:attachment":[{"href":"https:\/\/centers.ulbsibiu.ro\/ccsprise\/lact\/wp-json\/wp\/v2\/media?parent=3759"}],"wp:term":[{"taxonomy":"category","embeddable":true,"href":"https:\/\/centers.ulbsibiu.ro\/ccsprise\/lact\/wp-json\/wp\/v2\/categories?post=3759"},{"taxonomy":"post_tag","embeddable":true,"href":"https:\/\/centers.ulbsibiu.ro\/ccsprise\/lact\/wp-json\/wp\/v2\/tags?post=3759"}],"curies":[{"name":"wp","href":"https:\/\/api.w.org\/{rel}","templated":true}]}}