{"id":3723,"date":"2017-11-10T20:30:55","date_gmt":"2017-11-10T18:30:55","guid":{"rendered":"https:\/\/centers.ulbsibiu.ro\/ccsprise\/lact\/?p=3723"},"modified":"2017-11-10T20:30:55","modified_gmt":"2017-11-10T18:30:55","slug":"10-11-2017-podul-strategic-de-la-gura-bacului-reparat-cand-va-fi-redeschis","status":"publish","type":"post","link":"https:\/\/centers.ulbsibiu.ro\/ccsprise\/lact\/10-11-2017-podul-strategic-de-la-gura-bacului-reparat-cand-va-fi-redeschis\/","title":{"rendered":"10.11.2017: PODUL STRATEGIC de la Gura B\u00e2cului, REPARAT. C\u00e2nd va fi redeschis"},"content":{"rendered":"<p><b>Podul de peste Nistru, care face leg\u0103tura dintre satele Gura B\u00e2cului \u015fi B\u00e2cioc este func\u0163ional, \u00eens\u0103 necesit\u0103 o repara\u0163ie par\u021bial\u0103.<\/b> Este concluzia exper\u0163ilor de la Ministerul Economiei \u015fi Infrastructurii, care s-au deplasat, ast\u0103zi, la fa\u0163a locului. Potrivit speciali\u015ftilor, la prima etap\u0103, pentru lucr\u0103rile de renovare va fi nevoie p\u00e2n\u0103 la 100 de mii de euro, bani care vor fi atra\u015fi din fonduri externe.<\/p>\n<p>&#8220;Prima etap\u0103 prevede cur\u0103\u0163irea drumului, ai nu s-a circulat zeci de ani, au crescut copaci, tufari. Lucr\u0103ri de amenajare a podului, restabilirea re\u015foului, locurile de scurgere a apei, vopsirea parapetelor&#8221;, a zis\u00a0Radu Rogovei, \u015fef direc\u0163ie, Ministerul Economiei \u015fi Infrastructurii.<\/p>\n<p><strong>La fa\u0163a locului s-au deplasat \u015fi repezentan\u0163i ai administra\u0163iei de la Tiraspol, dar \u015fi membrii Comisiei Unificare de Control. <\/strong><\/p>\n<p>&#8220;Acest lucru va u\u015fura procesul de deplasare pe pod a agen\u0163ilor economici at\u00e2t din regiunea transnistrian\u0103 c\u00e2t \u015fi din Moldova, \u00eentruc\u00e2t acesta a fost construit special pentru asta&#8221;,\u00a0a spus\u00a0Andrei Medvedev, reprezentantul autorit\u0103\u0163i Tiraspol.<\/p>\n<p>&#8220;Militarii, care \u00ee\u015fi duc serviciul la aceste posturi chiar \u015fi dup\u0103 redeschiderea lui vor avea regimul de activitate \u015fi \u00een continuare la acest post lu\u00eendu-se \u00een consider\u0103\u021bie c\u0103 pe post se va relua circula\u0163ia mijloacelor auto&#8221;, a declarat\u00a0Eduard Bumbac, membru CUC.<\/p>\n<p><strong>Pe acest pod urmeaz\u0103 s\u0103 fie instalate semne de circula\u0163ie rutier\u0103 pentru asta, autorit\u0103\u0163ile au la dispozi\u0163ie mai pu\u0163in de zece zile. Astfel, circula\u0163ia transportului va fi reluat\u0103 dup\u0103 o pauz\u0103 de 25 de ani<\/strong><\/p>\n<p>Localnicii spun c\u0103 a\u015fteapt\u0103 cu ner\u0103bdare redeschiderea podului de peste Nistru. Valentina Gabura locuie\u015fte toat\u0103 via\u0163a \u00een localitatea Gura B\u00e2cului, iar \u00een satul B\u00e2cioc are rude.<\/p>\n<p>&#8220;Cu bicicleta ne ducem dac\u0103 ne trebuie. Se duc ma\u015finile acolo la pod, dar dac\u0103 va fi deschis se pot duce mai aproape&#8221;, a spus Valentina\u00a0Gabura, locuitoarea satului Gura B\u00e2cului.<\/p>\n<p>Femeia \u00ee\u015fi aduce aminte cu groaz\u0103 evenimentele din 1992, c\u00e2nd podul a fost aruncat \u00een aer.<\/p>\n<p>&#8220;Atunci \u015fi \u00eempu\u015fca, iar la noi \u00een mahala a ars \u015fi o cas\u0103, s-a aprins de la gloan\u0163e. La noi ardezie de pe cas\u0103 l-a stricat cu gloan\u0163e&#8221;,\u00a0a zis Valentina\u00a0Gabura, locuitoarea satului Gura B\u00e2cului.<\/p>\n<p>Iar o alt\u0103 locuitoare a satului, Nadejda Osipov sus\u0163ine c\u0103 deschiderea podului i-ar putea oferi posibilitate s\u0103-\u015fi v\u00e2nd\u0103 legumele din gr\u0103din\u0103, iar \u00een cest mod, ar putea face un ban \u00een plus.<\/p>\n<p>&#8220;Nu avem unde realiza, iar la Chi\u015fin\u0103u este departe, acolo nu sunt locuri.&#8221;, a spus\u00a0Nadejda Osipov, locuitoare s. Gura B\u00e2cului.<\/p>\n<p>De asemenea, dup\u0103 redeschiderea podului localnicii sper\u0103 c\u0103 vor economisi timp \u015fi nu vor mai fi nevoi\u0163i s\u0103 \u00eenconjoare drumul.<\/p>\n<p>Podul dintre satele Gura B\u00e2cului \u015fi B\u00e2cioc a fost aruncat \u00een aer \u00een timpul R\u0103zboiului de la Nistru din 1992. De\u015fi a fost reparat la \u00eenceputul anilor 2000, traficul rutier nu a mai putut fi reluat. Anterior, delega\u0163ia Uniunii Europene la Chi\u015fin\u0103u a salutat decizia privind redeschiderea podului.<\/p>\n<p>Cite\u0219te mai mult: <a href=\"https:\/\/www.publika.md\/podul-strategic-de-la-gura-bacului-reparat-cand-va-fi-redeschis_2986423.html#ixzz4y3THkDUE\">https:\/\/www.publika.md\/podul-strategic-de-la-gura-bacului-reparat-cand-va-fi-redeschis_2986423.html#ixzz4y3THkDUE<\/a><\/p>\n","protected":false},"excerpt":{"rendered":"<p>Podul de peste Nistru, care face leg\u0103tura dintre satele Gura B\u00e2cului \u015fi B\u00e2cioc este func\u0163ional, \u00eens\u0103 necesit\u0103 o repara\u0163ie par\u021bial\u0103. Este concluzia exper\u0163ilor de la Ministerul Economiei \u015fi Infrastructurii, care s-au deplasat, ast\u0103zi, la fa\u0163a locului. Potrivit speciali\u015ftilor, la prima etap\u0103, pentru lucr\u0103rile de renovare va fi nevoie p\u00e2n\u0103 la 100 de mii de euro,&#8230;<\/p>\n","protected":false},"author":2,"featured_media":0,"comment_status":"closed","ping_status":"open","sticky":false,"template":"","format":"standard","meta":[],"categories":[1],"tags":[],"_links":{"self":[{"href":"https:\/\/centers.ulbsibiu.ro\/ccsprise\/lact\/wp-json\/wp\/v2\/posts\/3723"}],"collection":[{"href":"https:\/\/centers.ulbsibiu.ro\/ccsprise\/lact\/wp-json\/wp\/v2\/posts"}],"about":[{"href":"https:\/\/centers.ulbsibiu.ro\/ccsprise\/lact\/wp-json\/wp\/v2\/types\/post"}],"author":[{"embeddable":true,"href":"https:\/\/centers.ulbsibiu.ro\/ccsprise\/lact\/wp-json\/wp\/v2\/users\/2"}],"replies":[{"embeddable":true,"href":"https:\/\/centers.ulbsibiu.ro\/ccsprise\/lact\/wp-json\/wp\/v2\/comments?post=3723"}],"version-history":[{"count":1,"href":"https:\/\/centers.ulbsibiu.ro\/ccsprise\/lact\/wp-json\/wp\/v2\/posts\/3723\/revisions"}],"predecessor-version":[{"id":3724,"href":"https:\/\/centers.ulbsibiu.ro\/ccsprise\/lact\/wp-json\/wp\/v2\/posts\/3723\/revisions\/3724"}],"wp:attachment":[{"href":"https:\/\/centers.ulbsibiu.ro\/ccsprise\/lact\/wp-json\/wp\/v2\/media?parent=3723"}],"wp:term":[{"taxonomy":"category","embeddable":true,"href":"https:\/\/centers.ulbsibiu.ro\/ccsprise\/lact\/wp-json\/wp\/v2\/categories?post=3723"},{"taxonomy":"post_tag","embeddable":true,"href":"https:\/\/centers.ulbsibiu.ro\/ccsprise\/lact\/wp-json\/wp\/v2\/tags?post=3723"}],"curies":[{"name":"wp","href":"https:\/\/api.w.org\/{rel}","templated":true}]}}