{"id":3721,"date":"2017-11-10T20:28:40","date_gmt":"2017-11-10T18:28:40","guid":{"rendered":"https:\/\/centers.ulbsibiu.ro\/ccsprise\/lact\/?p=3721"},"modified":"2017-11-10T20:28:40","modified_gmt":"2017-11-10T18:28:40","slug":"10-11-2017-redeschiderea-podului-dintre-localitatile-gura-bacului-bacioc-pe-agenda-comisiei-unificate-de-control","status":"publish","type":"post","link":"https:\/\/centers.ulbsibiu.ro\/ccsprise\/lact\/10-11-2017-redeschiderea-podului-dintre-localitatile-gura-bacului-bacioc-pe-agenda-comisiei-unificate-de-control\/","title":{"rendered":"10.11.2017: Redeschiderea podului dintre localit\u0103\u021bile Gura B\u00e2cului-B\u00e2cioc: pe agenda Comisiei Unificate de Control"},"content":{"rendered":"<p>Pe 09 noiembrie 2017, la Bender a avut loc \u015fedin\u0163a Comisiei Unificate de Control (CUC), ini\u021biat\u0103 \u0219i prezidat\u0103 de c\u0103tre Delega\u021bia Federa\u021biei Ruse.<\/p>\n<p>Ordinea de zi a \u015fedin\u0163ei a cuprins chestiunea privind asigurarea circula\u021biei autovehiculelor \u0219i persoanelor pe podul de pe r.Nistru din preajma localit\u0103\u021bilor Gura B\u00e2cului \u2013 B\u00e2cioc, \u00een conformitate cu cele convenite prin Decizia protocolar\u0103 din 03 noiembrie curent, semnat\u0103 de reprezentan\u021bii politici \u00een procesul de negocieri pentru reglementarea transnistrean\u0103 din partea Chi\u0219in\u0103ului \u015fi Tiraspolului.<\/p>\n<p>\u00cen baza informa\u021biilor prezentate de c\u0103tre copre\u0219edin\u021bii delega\u021biilor Republicii Moldova \u0219i regiunii transnistrene pe marginea necesit\u0103\u0163ii realiz\u0103rii lucr\u0103rilor de evaluare a st\u0103rii tehnice a podului vizat de c\u0103tre o comisie mixt\u0103, CUC a aprobat efectuarea acestor m\u0103suri cu suportul nemijlocit a Comandamentului Militar \u00centrunit, \u00eencep\u00e2nd cu data de 10 noiembrie 2017.<\/p>\n<p>Ulterior, Comandamentul Militar \u00centrunit va elabora planul m\u0103surilor pentru asigurarea securit\u0103\u021bii \u0219i controlului circula\u021biei mijloacelor de transport \u0219i persoanelor pe podul men\u0163ionat din data de 20 noiembrie a.c.<\/p>\n<p>Urm\u0103toarea \u015fedin\u0163\u0103 a CUC va avea loc pe data de 16 noiembrie 2017.<\/p>\n<p>&nbsp;<\/p>\n<p><strong>Delega\u021bia Republicii Moldova \u00een Comisia Unificat\u0103 de Control<\/strong><\/p>\n<p>&nbsp;<\/p>\n<p>Sursa:<\/p>\n<p><a href=\"http:\/\/gov.md\/ro\/content\/redeschiderea-podului-dintre-localitatile-gura-bacului-bacioc-pe-agenda-comisiei-unificate\">http:\/\/gov.md\/ro\/content\/redeschiderea-podului-dintre-localitatile-gura-bacului-bacioc-pe-agenda-comisiei-unificate<\/a><\/p>\n","protected":false},"excerpt":{"rendered":"<p>Pe 09 noiembrie 2017, la Bender a avut loc \u015fedin\u0163a Comisiei Unificate de Control (CUC), ini\u021biat\u0103 \u0219i prezidat\u0103 de c\u0103tre Delega\u021bia Federa\u021biei Ruse. Ordinea de zi a \u015fedin\u0163ei a cuprins chestiunea privind asigurarea circula\u021biei autovehiculelor \u0219i persoanelor pe podul de pe r.Nistru din preajma localit\u0103\u021bilor Gura B\u00e2cului \u2013 B\u00e2cioc, \u00een conformitate cu cele convenite prin&#8230;<\/p>\n","protected":false},"author":2,"featured_media":0,"comment_status":"closed","ping_status":"open","sticky":false,"template":"","format":"standard","meta":[],"categories":[1],"tags":[],"_links":{"self":[{"href":"https:\/\/centers.ulbsibiu.ro\/ccsprise\/lact\/wp-json\/wp\/v2\/posts\/3721"}],"collection":[{"href":"https:\/\/centers.ulbsibiu.ro\/ccsprise\/lact\/wp-json\/wp\/v2\/posts"}],"about":[{"href":"https:\/\/centers.ulbsibiu.ro\/ccsprise\/lact\/wp-json\/wp\/v2\/types\/post"}],"author":[{"embeddable":true,"href":"https:\/\/centers.ulbsibiu.ro\/ccsprise\/lact\/wp-json\/wp\/v2\/users\/2"}],"replies":[{"embeddable":true,"href":"https:\/\/centers.ulbsibiu.ro\/ccsprise\/lact\/wp-json\/wp\/v2\/comments?post=3721"}],"version-history":[{"count":1,"href":"https:\/\/centers.ulbsibiu.ro\/ccsprise\/lact\/wp-json\/wp\/v2\/posts\/3721\/revisions"}],"predecessor-version":[{"id":3722,"href":"https:\/\/centers.ulbsibiu.ro\/ccsprise\/lact\/wp-json\/wp\/v2\/posts\/3721\/revisions\/3722"}],"wp:attachment":[{"href":"https:\/\/centers.ulbsibiu.ro\/ccsprise\/lact\/wp-json\/wp\/v2\/media?parent=3721"}],"wp:term":[{"taxonomy":"category","embeddable":true,"href":"https:\/\/centers.ulbsibiu.ro\/ccsprise\/lact\/wp-json\/wp\/v2\/categories?post=3721"},{"taxonomy":"post_tag","embeddable":true,"href":"https:\/\/centers.ulbsibiu.ro\/ccsprise\/lact\/wp-json\/wp\/v2\/tags?post=3721"}],"curies":[{"name":"wp","href":"https:\/\/api.w.org\/{rel}","templated":true}]}}