{"id":3718,"date":"2017-11-10T20:22:24","date_gmt":"2017-11-10T18:22:24","guid":{"rendered":"https:\/\/centers.ulbsibiu.ro\/ccsprise\/lact\/?p=3718"},"modified":"2017-11-10T20:22:24","modified_gmt":"2017-11-10T18:22:24","slug":"10-11-2017-sevciuk-cheama-transnistrenii-la-proteste","status":"publish","type":"post","link":"https:\/\/centers.ulbsibiu.ro\/ccsprise\/lact\/10-11-2017-sevciuk-cheama-transnistrenii-la-proteste\/","title":{"rendered":"10.11.2017: \u0218evciuk cheam\u0103 transnistrenii la proteste"},"content":{"rendered":"<h3>Fostul pre\u0219edinte al autoproclamatei RMN, Evghenii \u0218evciuk, a \u00eendemnat locuitorii din regiune s\u0103 se al\u0103ture ac\u021biunii de protest pe care o va desf\u0103\u0219ura Partidul Comunist Transnistrean pe 11 noiembrie la Tiraspol.<\/h3>\n<p>\u0218evciuk a comunicat \u00eentr-un mesaj video f\u0103cut l\u00eeng\u0103 r\u00eeul Neva din Sankt-Petersburg c\u0103 ac\u021biunea poate fi continuat\u0103 prin \u201epichetarea institu\u021biilor publice, precum \u0219i trecerea tuturor muncitorilor la grev\u0103 pe o perioad\u0103 nedeterminat\u0103\u201d.<\/p>\n<p>El a criticat autorit\u0103\u021bile actuale din Transnistria pentru \u201edeprecierea cu 40% a rublei locale fa\u021b\u0103 de valutele principale, pentru cre\u0219terea dubl\u0103 a pre\u021burilor la medicamente \u0219i la unele dintre produsele de prim\u0103 necesitate\u201d.<\/p>\n<p>\u201eAcesta nu e sf\u00eer\u015fitul, urmeaz\u0103 falimentul politic \u0219i economic al puterii oligarhice. Deja de un an la putere se afl\u0103 actualul pre\u0219edinte (Vadim Krasnoselski \u2013 \u201eI.\u201d), care a mai fost \u00een Sovietul Suprem timp de doi ani. Situa\u021bia din Transnistria continu\u0103 s\u0103 se agraveze. \u00cen schimb, fluxul m\u0103rfurilor de contraband\u0103 din Ucraina cre\u0219te. Unii exper\u021bi spun c\u0103 dublu. Oligarhii \u00ee\u0219i continu\u0103 activit\u0103\u021bile ilegale\u201d, consider\u0103 \u0218evciuk, care \u00eendeamn\u0103 pre\u0219edintele \u015fi Sovietul Suprem \u201es\u0103-\u015fi dea demisia\u201d.<\/p>\n<p>Potrivit lui, \u201enumai poporul este capabil s\u0103 stabileasc\u0103 ordinea \u00een Transnistria, dar nu oligarhul (Victor) Gu\u0219an (\u0219eful \u201eSheriff\u201d, care de\u0163ine monopolul \u00een regiune \u2013 \u201eI.\u201d)\u201d.<\/p>\n<p>Fostul lider de la Tiraspol este sigur c\u0103 doar \u201ealegerile anticipate ale SS \u0219i ale pre\u0219edintelui pot opri haosul din republic\u0103\u201d.<\/p>\n<p>La sf\u00eer\u0219itul lunii iunie, Sovietul Suprem al Transnistriei a decis s\u0103-l priveze pe \u0218evciuk de imunitate, permi\u021b\u00eend ca fostul pre\u0219edinte s\u0103 fie tras la r\u0103spundere penal\u0103. \u00cen aceea\u0219i zi, \u0218evciuk a p\u0103r\u0103sit Transnistria, plec\u00eend la Chi\u0219in\u0103u sub pretextul c\u0103 \u201ese preg\u0103tea asasinarea sa\u201d, planificat\u0103 de \u0219eful holdingului \u201eSheriff\u201d. \u00cen Transnistria au fost deschise \u0219ase dosare penale pe numele lui. La sf\u00eer\u0219itul lunii iulie, Ministerul Afacerilor Interne al Republicii Moldova a preluat protec\u021bia asupra lui \u0218evciuk \u0219i a membrilor familiei sale. Apoi el a p\u0103r\u0103sit republica.<\/p>\n<p>Sursa:<\/p>\n<p><a href=\"http:\/\/noi.md\/md\/news_id\/254403\">http:\/\/noi.md\/md\/news_id\/254403<\/a><\/p>\n","protected":false},"excerpt":{"rendered":"<p>Fostul pre\u0219edinte al autoproclamatei RMN, Evghenii \u0218evciuk, a \u00eendemnat locuitorii din regiune s\u0103 se al\u0103ture ac\u021biunii de protest pe care o va desf\u0103\u0219ura Partidul Comunist Transnistrean pe 11 noiembrie la Tiraspol. \u0218evciuk a comunicat \u00eentr-un mesaj video f\u0103cut l\u00eeng\u0103 r\u00eeul Neva din Sankt-Petersburg c\u0103 ac\u021biunea poate fi continuat\u0103 prin \u201epichetarea institu\u021biilor publice, precum \u0219i trecerea&#8230;<\/p>\n","protected":false},"author":2,"featured_media":0,"comment_status":"closed","ping_status":"open","sticky":false,"template":"","format":"standard","meta":[],"categories":[1],"tags":[],"_links":{"self":[{"href":"https:\/\/centers.ulbsibiu.ro\/ccsprise\/lact\/wp-json\/wp\/v2\/posts\/3718"}],"collection":[{"href":"https:\/\/centers.ulbsibiu.ro\/ccsprise\/lact\/wp-json\/wp\/v2\/posts"}],"about":[{"href":"https:\/\/centers.ulbsibiu.ro\/ccsprise\/lact\/wp-json\/wp\/v2\/types\/post"}],"author":[{"embeddable":true,"href":"https:\/\/centers.ulbsibiu.ro\/ccsprise\/lact\/wp-json\/wp\/v2\/users\/2"}],"replies":[{"embeddable":true,"href":"https:\/\/centers.ulbsibiu.ro\/ccsprise\/lact\/wp-json\/wp\/v2\/comments?post=3718"}],"version-history":[{"count":1,"href":"https:\/\/centers.ulbsibiu.ro\/ccsprise\/lact\/wp-json\/wp\/v2\/posts\/3718\/revisions"}],"predecessor-version":[{"id":3719,"href":"https:\/\/centers.ulbsibiu.ro\/ccsprise\/lact\/wp-json\/wp\/v2\/posts\/3718\/revisions\/3719"}],"wp:attachment":[{"href":"https:\/\/centers.ulbsibiu.ro\/ccsprise\/lact\/wp-json\/wp\/v2\/media?parent=3718"}],"wp:term":[{"taxonomy":"category","embeddable":true,"href":"https:\/\/centers.ulbsibiu.ro\/ccsprise\/lact\/wp-json\/wp\/v2\/categories?post=3718"},{"taxonomy":"post_tag","embeddable":true,"href":"https:\/\/centers.ulbsibiu.ro\/ccsprise\/lact\/wp-json\/wp\/v2\/tags?post=3718"}],"curies":[{"name":"wp","href":"https:\/\/api.w.org\/{rel}","templated":true}]}}