{"id":3656,"date":"2017-11-09T20:44:06","date_gmt":"2017-11-09T18:44:06","guid":{"rendered":"https:\/\/centers.ulbsibiu.ro\/ccsprise\/lact\/?p=3656"},"modified":"2017-11-09T20:45:08","modified_gmt":"2017-11-09T18:45:08","slug":"09-11-2017-transnistria-condamna-tentativele-de-reconstituire-a-unui-stat-artificial-intre-granitele-rssm","status":"publish","type":"post","link":"https:\/\/centers.ulbsibiu.ro\/ccsprise\/lact\/09-11-2017-transnistria-condamna-tentativele-de-reconstituire-a-unui-stat-artificial-intre-granitele-rssm\/","title":{"rendered":"09.11.2017: TRANSNISTRIA CONDAMN\u0102 TENTATIVELE DE RECONSTITUIRE A \u201eUNUI STAT ARTIFICIAL \u00ceNTRE GRANI\u0162ELE RSSM\u201d"},"content":{"rendered":"<p>Comunitatea interna\u0163ional\u0103 trebuie s\u0103 con\u015ftientizeze z\u0103d\u0103rnicia \u00eencerc\u0103rilor de a reconstitui \u201efantomele trecutului\u201d sub forma unui stat artificial \u00eentre grani\u0163ele RSS Moldovene\u0219ti, consider\u0103 ministrul Afacerilor Externe al autoproclamatei RMN, Vitalii Ignatiev.<\/p>\n<p>Potrivit agen\u0163iei INFOTAG cu referire la site-ul MAE de la Tiraspol, aceast\u0103 opinie el \u015fi-a exprimat-o la masa rotund\u0103 interna\u0163ional\u0103 \u201eStatutul \u0163\u0103rilor nerecunoscute \u015fi rela\u0163iile lor cu Israelul\u201d, desf\u0103\u015furat\u0103 la Universitatea din Tel Aviv.<\/p>\n<p>Ignatiev a spus \u00een alocu\u0163iunea sa c\u0103 \u201ecalea spre independen\u021ba Republicii Moldovene\u015fti Nistrene se deosebe\u015fte esen\u0163ial de multe alte state noi, deoarece edificarea propriului stat a devenit singura garan\u021bie a siguran\u021bei fizice a poporului multina\u0163ional al Transnistriei\u201d.<\/p>\n<p>\u201e\u00cen cei 27 de ani, \u00een Transnistria \u0219i Moldova au crescut dou\u0103 genera\u021bii diferite, care nu au tr\u0103it nicio zi \u00eentr-un stat comun, iar tineretul transnistrean a v\u0103zut doar amenin\u021b\u0103ri \u0219i presiune din partea Moldovei, care nu vrea s\u0103 devin\u0103 un partener responsabil, ci dimpotriv\u0103, \u00eencearc\u0103 s\u0103 blocheze oportunit\u0103\u0163ile socio-economice de dezvoltare a Transnistriei\u201d, a spus el.<\/p>\n<p>Potrivit lui, \u201estagnarea negocierilor \u0219i necesitatea de a ap\u0103ra drepturile \u0219i interesele legitime ale transnistrenilor justific\u0103 c\u0103utarea de solu\u021bii nontriviale pentru viitorul Transnistriei\u201d.<\/p>\n<p>\u201eAceste solu\u021bii sunt sugerate de dreptul interna\u021bional, \u00een care este codificat dreptul popoarelor la autodeterminare, precum \u0219i de precedentele moderne\u201d, a declarat Ignatiev, care este convins c\u0103 \u201eharta politic\u0103 a lumii \u00een urm\u0103torii ani se va schimba \u00een mod inevitabil\u201d.<\/p>\n<p>Sursa:<\/p>\n<p><a href=\"http:\/\/www.infotag.md\/rebelion-ro\/255149\/\">http:\/\/www.infotag.md\/rebelion-ro\/255149\/<\/a><\/p>\n","protected":false},"excerpt":{"rendered":"<p>Comunitatea interna\u0163ional\u0103 trebuie s\u0103 con\u015ftientizeze z\u0103d\u0103rnicia \u00eencerc\u0103rilor de a reconstitui \u201efantomele trecutului\u201d sub forma unui stat artificial \u00eentre grani\u0163ele RSS Moldovene\u0219ti, consider\u0103 ministrul Afacerilor Externe al autoproclamatei RMN, Vitalii Ignatiev. Potrivit agen\u0163iei INFOTAG cu referire la site-ul MAE de la Tiraspol, aceast\u0103 opinie el \u015fi-a exprimat-o la masa rotund\u0103 interna\u0163ional\u0103 \u201eStatutul \u0163\u0103rilor nerecunoscute \u015fi rela\u0163iile&#8230;<\/p>\n","protected":false},"author":2,"featured_media":0,"comment_status":"closed","ping_status":"open","sticky":false,"template":"","format":"standard","meta":[],"categories":[1],"tags":[],"_links":{"self":[{"href":"https:\/\/centers.ulbsibiu.ro\/ccsprise\/lact\/wp-json\/wp\/v2\/posts\/3656"}],"collection":[{"href":"https:\/\/centers.ulbsibiu.ro\/ccsprise\/lact\/wp-json\/wp\/v2\/posts"}],"about":[{"href":"https:\/\/centers.ulbsibiu.ro\/ccsprise\/lact\/wp-json\/wp\/v2\/types\/post"}],"author":[{"embeddable":true,"href":"https:\/\/centers.ulbsibiu.ro\/ccsprise\/lact\/wp-json\/wp\/v2\/users\/2"}],"replies":[{"embeddable":true,"href":"https:\/\/centers.ulbsibiu.ro\/ccsprise\/lact\/wp-json\/wp\/v2\/comments?post=3656"}],"version-history":[{"count":2,"href":"https:\/\/centers.ulbsibiu.ro\/ccsprise\/lact\/wp-json\/wp\/v2\/posts\/3656\/revisions"}],"predecessor-version":[{"id":3658,"href":"https:\/\/centers.ulbsibiu.ro\/ccsprise\/lact\/wp-json\/wp\/v2\/posts\/3656\/revisions\/3658"}],"wp:attachment":[{"href":"https:\/\/centers.ulbsibiu.ro\/ccsprise\/lact\/wp-json\/wp\/v2\/media?parent=3656"}],"wp:term":[{"taxonomy":"category","embeddable":true,"href":"https:\/\/centers.ulbsibiu.ro\/ccsprise\/lact\/wp-json\/wp\/v2\/categories?post=3656"},{"taxonomy":"post_tag","embeddable":true,"href":"https:\/\/centers.ulbsibiu.ro\/ccsprise\/lact\/wp-json\/wp\/v2\/tags?post=3656"}],"curies":[{"name":"wp","href":"https:\/\/api.w.org\/{rel}","templated":true}]}}