{"id":3652,"date":"2017-11-09T20:39:35","date_gmt":"2017-11-09T18:39:35","guid":{"rendered":"https:\/\/centers.ulbsibiu.ro\/ccsprise\/lact\/?p=3652"},"modified":"2017-11-09T20:41:01","modified_gmt":"2017-11-09T18:41:01","slug":"09-11-2017-presedintele-intentioneaza-sa-deschida-birouri-publice-pentru-stabilirea-unui-dialog-cu-locuitorii-din-transnistria","status":"publish","type":"post","link":"https:\/\/centers.ulbsibiu.ro\/ccsprise\/lact\/09-11-2017-presedintele-intentioneaza-sa-deschida-birouri-publice-pentru-stabilirea-unui-dialog-cu-locuitorii-din-transnistria\/","title":{"rendered":"09.11.2017: PRE\u015eEDINTELE INTEN\u0162IONEAZ\u0102 S\u0102 DESCHID\u0102 \u201eBIROURI PUBLICE\u201d PENTRU STABILIREA UNUI DIALOG CU LOCUITORII DIN TRANSNISTRIA"},"content":{"rendered":"<div class=\"news-text\">\n<p>Pre\u015fedintele Igor Dodon inten\u0163ioneaz\u0103 s\u0103 deschid\u0103 \u201ebirouri publice\u201d pentru stabilirea unui dialog direct cu locuitorii din st\u00e2nga Nistrului. Potrivit agen\u0163iei INFOTAG, despre aceasta el a scris miercuri pe pagina sa de facebook.<\/p>\n<p>\u201e\u021ain\u00e2nd cont de adres\u0103rile multiple ale locuitorilor Moldovei din raioanele de pe ambele maluri ale Nistrului, am convocat o \u0219edin\u021b\u0103 de lucru cu responsabili din cadrul Aparatului Pre\u015fedintelui pe problema deschiderii unor birouri publice pentru stabilirea unui dialog direct cu locuitorii ora\u0219elor \u015fi satelor din aceste raioane, inclusiv localit\u0103\u021bile din Transnistria\u201d, a men\u0163ionat Dodon.<\/p>\n<p>Potrivit lui, activitatea birourilor publice are menirea \u201es\u0103 elimine barierele birocratice, s\u0103 sporeasc\u0103 eficienta \u015fi operativitatea administra\u0163iei Pre\u015fedintelui \u00een cazurile de acordare a asisten\u0163ei necesare locuitorilor de pe ambele maluri ale Nistrului\u201d.<\/p>\n<p>\u201eLa prima etap\u0103, se planific\u0103 deschiderea acestor birouri \u00een ora\u015ful Rezina, \u00een satul Co\u0219ni\u021ba \u015fi satul Varni\u0163a. Nu este exclus c\u0103, \u00een continuarea acestei activit\u0103\u0163i, astfel de birouri vor fi deschise \u00een majoritatea raioanelor Republicii Moldova\u201d, a subliniat Dodon.<\/p>\n<p>Dup\u0103 cum a informat anterior INFOTAG, la alegerile din 2018 \u00een Parlamentul Moldovei, pentru locuitorii din regiunea transnistrean\u0103 vor fi constituite dou\u0103 circumscrip\u0163ii electorale. Sec\u0163iile de votare pentru locuitori din st\u00e2nga Nistrului vor fi deschise pe malul drept al r\u00e2ului. \u00cen turul doi al alegerilor preziden\u0163iale din Moldova au participat circa 17 mii de locuitori din Transnistria. Aceasta a fost cea mai activ\u0103 participare a transnistrenilor la alegerile pentru Moldova dup\u0103 anul 1990. potrivit datelor oficiale, circa 300 mii de locuitori ai Transnistriei de\u0163in cet\u0103\u0163enia Moldovei.<\/p>\n<p>Sursa:<\/p>\n<p><a href=\"http:\/\/www.infotag.md\/rebelion-ro\/255128\/\">http:\/\/www.infotag.md\/rebelion-ro\/255128\/<\/a><\/p>\n<\/div>\n","protected":false},"excerpt":{"rendered":"<p>Pre\u015fedintele Igor Dodon inten\u0163ioneaz\u0103 s\u0103 deschid\u0103 \u201ebirouri publice\u201d pentru stabilirea unui dialog direct cu locuitorii din st\u00e2nga Nistrului. Potrivit agen\u0163iei INFOTAG, despre aceasta el a scris miercuri pe pagina sa de facebook. \u201e\u021ain\u00e2nd cont de adres\u0103rile multiple ale locuitorilor Moldovei din raioanele de pe ambele maluri ale Nistrului, am convocat o \u0219edin\u021b\u0103 de lucru cu&#8230;<\/p>\n","protected":false},"author":2,"featured_media":0,"comment_status":"closed","ping_status":"open","sticky":false,"template":"","format":"standard","meta":[],"categories":[1],"tags":[],"_links":{"self":[{"href":"https:\/\/centers.ulbsibiu.ro\/ccsprise\/lact\/wp-json\/wp\/v2\/posts\/3652"}],"collection":[{"href":"https:\/\/centers.ulbsibiu.ro\/ccsprise\/lact\/wp-json\/wp\/v2\/posts"}],"about":[{"href":"https:\/\/centers.ulbsibiu.ro\/ccsprise\/lact\/wp-json\/wp\/v2\/types\/post"}],"author":[{"embeddable":true,"href":"https:\/\/centers.ulbsibiu.ro\/ccsprise\/lact\/wp-json\/wp\/v2\/users\/2"}],"replies":[{"embeddable":true,"href":"https:\/\/centers.ulbsibiu.ro\/ccsprise\/lact\/wp-json\/wp\/v2\/comments?post=3652"}],"version-history":[{"count":3,"href":"https:\/\/centers.ulbsibiu.ro\/ccsprise\/lact\/wp-json\/wp\/v2\/posts\/3652\/revisions"}],"predecessor-version":[{"id":3655,"href":"https:\/\/centers.ulbsibiu.ro\/ccsprise\/lact\/wp-json\/wp\/v2\/posts\/3652\/revisions\/3655"}],"wp:attachment":[{"href":"https:\/\/centers.ulbsibiu.ro\/ccsprise\/lact\/wp-json\/wp\/v2\/media?parent=3652"}],"wp:term":[{"taxonomy":"category","embeddable":true,"href":"https:\/\/centers.ulbsibiu.ro\/ccsprise\/lact\/wp-json\/wp\/v2\/categories?post=3652"},{"taxonomy":"post_tag","embeddable":true,"href":"https:\/\/centers.ulbsibiu.ro\/ccsprise\/lact\/wp-json\/wp\/v2\/tags?post=3652"}],"curies":[{"name":"wp","href":"https:\/\/api.w.org\/{rel}","templated":true}]}}