{"id":3646,"date":"2017-11-04T18:51:04","date_gmt":"2017-11-04T16:51:04","guid":{"rendered":"https:\/\/centers.ulbsibiu.ro\/ccsprise\/lact\/?p=3646"},"modified":"2017-11-04T18:51:04","modified_gmt":"2017-11-04T16:51:04","slug":"04-11-2017-miting-la-tiraspol-cu-ocazia-zilei-unitatii-nationale-in-rusia","status":"publish","type":"post","link":"https:\/\/centers.ulbsibiu.ro\/ccsprise\/lact\/04-11-2017-miting-la-tiraspol-cu-ocazia-zilei-unitatii-nationale-in-rusia\/","title":{"rendered":"04.11.2017: Miting la Tiraspol cu ocazia Zilei Unit\u0103\u021bii Na\u021bionale \u00een Rusia"},"content":{"rendered":"<p>La Tiraspol a fost organizat ast\u0103zi un miting cu ocazia s\u0103rb\u0103torii numite Ziua Unit\u0103\u021bii Na\u021bionale, care \u00een Federa\u0163ia Rus\u0103 <a class=\"underline\" href=\"https:\/\/www.europalibera.org\/a\/28835057.html\">a \u00eenlocuit marcarea revolu\u021biei bol\u0219evice din 1917<\/a>. Participan\u021bii la mitingul de la Tiraspol au adoptat o rezolu\u021bie prin care sus\u021bin opera\u021biunea de pacificare de pe Nistru, condus\u0103 de Federa\u0163ia Rus\u0103, \u0219i sus\u021bin c\u0103 aceast\u0103 misiune este garan\u021bia principal\u0103 a men\u021binerii p\u0103cii, stabilit\u0103\u021bii \u0219i securit\u0103\u021bii \u00een regiune. Rezolu\u021bia \u00ee\u0219i arat\u0103 \u00eengrijorarea \u00een leg\u0103tur\u0103 cu ac\u021biunile autorit\u0103\u021bilor de la Chi\u015fin\u0103u care de la tribuna ONU au calificat prezen\u021ba militar\u0103 rus\u0103 drept \u201eregim de ocupa\u021bie\u201d \u0219i sus\u021bine c\u0103 aceste declara\u021bii contribuie la \u201edezghe\u021barea conflictului\u201d. Rezolu\u021bia critic\u0103 de asemenea deschiderea de posturi comune de control la frontiera moldo-ucrainean\u0103. Rezolu\u021bia va fi expediat\u0103 liderului rus Vladimir Putin.<\/p>\n<p>Sursa:<\/p>\n<p><a href=\"https:\/\/www.europalibera.org\/a\/28835246.html\">https:\/\/www.europalibera.org\/a\/28835246.html<\/a><\/p>\n","protected":false},"excerpt":{"rendered":"<p>La Tiraspol a fost organizat ast\u0103zi un miting cu ocazia s\u0103rb\u0103torii numite Ziua Unit\u0103\u021bii Na\u021bionale, care \u00een Federa\u0163ia Rus\u0103 a \u00eenlocuit marcarea revolu\u021biei bol\u0219evice din 1917. Participan\u021bii la mitingul de la Tiraspol au adoptat o rezolu\u021bie prin care sus\u021bin opera\u021biunea de pacificare de pe Nistru, condus\u0103 de Federa\u0163ia Rus\u0103, \u0219i sus\u021bin c\u0103 aceast\u0103 misiune este&#8230;<\/p>\n","protected":false},"author":2,"featured_media":0,"comment_status":"closed","ping_status":"open","sticky":false,"template":"","format":"standard","meta":[],"categories":[1],"tags":[],"_links":{"self":[{"href":"https:\/\/centers.ulbsibiu.ro\/ccsprise\/lact\/wp-json\/wp\/v2\/posts\/3646"}],"collection":[{"href":"https:\/\/centers.ulbsibiu.ro\/ccsprise\/lact\/wp-json\/wp\/v2\/posts"}],"about":[{"href":"https:\/\/centers.ulbsibiu.ro\/ccsprise\/lact\/wp-json\/wp\/v2\/types\/post"}],"author":[{"embeddable":true,"href":"https:\/\/centers.ulbsibiu.ro\/ccsprise\/lact\/wp-json\/wp\/v2\/users\/2"}],"replies":[{"embeddable":true,"href":"https:\/\/centers.ulbsibiu.ro\/ccsprise\/lact\/wp-json\/wp\/v2\/comments?post=3646"}],"version-history":[{"count":1,"href":"https:\/\/centers.ulbsibiu.ro\/ccsprise\/lact\/wp-json\/wp\/v2\/posts\/3646\/revisions"}],"predecessor-version":[{"id":3647,"href":"https:\/\/centers.ulbsibiu.ro\/ccsprise\/lact\/wp-json\/wp\/v2\/posts\/3646\/revisions\/3647"}],"wp:attachment":[{"href":"https:\/\/centers.ulbsibiu.ro\/ccsprise\/lact\/wp-json\/wp\/v2\/media?parent=3646"}],"wp:term":[{"taxonomy":"category","embeddable":true,"href":"https:\/\/centers.ulbsibiu.ro\/ccsprise\/lact\/wp-json\/wp\/v2\/categories?post=3646"},{"taxonomy":"post_tag","embeddable":true,"href":"https:\/\/centers.ulbsibiu.ro\/ccsprise\/lact\/wp-json\/wp\/v2\/tags?post=3646"}],"curies":[{"name":"wp","href":"https:\/\/api.w.org\/{rel}","templated":true}]}}