{"id":3642,"date":"2017-11-03T17:36:15","date_gmt":"2017-11-03T15:36:15","guid":{"rendered":"https:\/\/centers.ulbsibiu.ro\/ccsprise\/lact\/?p=3642"},"modified":"2017-11-03T17:36:15","modified_gmt":"2017-11-03T15:36:15","slug":"03-11-2017-comunistii-transnistreni-vor-sa-lupte-pentru-voturile-alegatorilor","status":"publish","type":"post","link":"https:\/\/centers.ulbsibiu.ro\/ccsprise\/lact\/03-11-2017-comunistii-transnistreni-vor-sa-lupte-pentru-voturile-alegatorilor\/","title":{"rendered":"03.11.2017: COMUNI\u015eTII TRANSNISTRENI VOR S\u0102 LUPTE PENTRU VOTURILE ALEG\u0102TORILOR"},"content":{"rendered":"<p>Comuni\u0219tii transnistreni vor lupta pentru voturile aleg\u0103torilor la alegerile urm\u0103toare. Despre aceasta a declarat liderul Partidului Comunist Transnistrean (PCT), Oleg Horjan, \u00eentr-un interviu pentru un ziar.<\/p>\n<p>Potrivit agen\u0163iei INFOTAG, el a explicat e\u0219ecul de la ultimele alegeri \u00een Sovietul Suprem prin faptul c\u0103 fostul pre\u0219edinte Evgheni \u0218evciuk \u201enu a f\u0103cut nimic pentru a se asigura c\u0103 alegerile vor fi corecte\u201d.<\/p>\n<p>\u201eDrept rezultat, totul a fost hot\u0103r\u00e2t prin mituirea practic deschis\u0103 a aleg\u0103torilor, prin distribuirea de hri\u0219c\u0103, transportarea oamenilor la sec\u021biile de votare \u0219i listele fraudate. Acum situa\u021bia este diferit\u0103. Deoarece \u00een republic\u0103 nu exist\u0103 for\u021be reale de opozi\u021bie, cu excep\u021bia Partidului Comunist. Noi inten\u021bion\u0103m s\u0103 lupt\u0103m serios pentru voturile aleg\u0103torilor la alegerile viitoare\u201d, a subliniat Horjan.<\/p>\n<p>\u00cen acela\u0219i timp, el a recunoscut c\u0103 activitatea electoral\u0103 \u00een Transnistria este \u00een sc\u0103dere, iar locuitorii sunt dezam\u0103gi\u021bi de sistemul electoral.<\/p>\n<p>\u201eDar nimic nu provoac\u0103 activitatea civil\u0103 a omului a\u015fa ca stomacul gol \u0219i portofelul gol. Evenimentele de ast\u0103zi ne conving c\u0103 mai departe va fi \u015fi mai r\u0103u. Autorit\u0103\u021bile nu se ocup\u0103 de sectorul real al economiei. Acestea ac\u0163ioneaz\u0103 numai \u00een interesul oligarhiei, al c\u0103rei unic scop este cre\u0219terea profiturilor. Prin urmare, \u00een viitorul apropiat, ne a\u0219teapt\u0103 zdruncin\u0103ri serioase. Este vorba de reduceri masive de locuri de munc\u0103, cre\u015fterea dolarului, sc\u0103derea nivelului de trai. \u0218i toate acestea vor duce la faptul c\u0103 oamenii vor \u00eencepe s\u0103 g\u00e2ndeasc\u0103 diferit. Ei vor lupta mai activ pentru drepturile lor\u201d, sus\u0163ine liderul comunist.<\/p>\n<p>Potrivit lui, \u201epentru a lua m\u0103suri pentru a proteja oamenii muncii, Partidul Comunist trebuie s\u0103 vin\u0103 la putere \u0219i s\u0103-\u015fi realizeze programul\u201d.<\/p>\n<p>Sursa:<\/p>\n<p><a href=\"http:\/\/www.infotag.md\/rebelion-ro\/254813\/\">http:\/\/www.infotag.md\/rebelion-ro\/254813\/<\/a><\/p>\n","protected":false},"excerpt":{"rendered":"<p>Comuni\u0219tii transnistreni vor lupta pentru voturile aleg\u0103torilor la alegerile urm\u0103toare. Despre aceasta a declarat liderul Partidului Comunist Transnistrean (PCT), Oleg Horjan, \u00eentr-un interviu pentru un ziar. Potrivit agen\u0163iei INFOTAG, el a explicat e\u0219ecul de la ultimele alegeri \u00een Sovietul Suprem prin faptul c\u0103 fostul pre\u0219edinte Evgheni \u0218evciuk \u201enu a f\u0103cut nimic pentru a se asigura&#8230;<\/p>\n","protected":false},"author":2,"featured_media":0,"comment_status":"closed","ping_status":"open","sticky":false,"template":"","format":"standard","meta":[],"categories":[1],"tags":[],"_links":{"self":[{"href":"https:\/\/centers.ulbsibiu.ro\/ccsprise\/lact\/wp-json\/wp\/v2\/posts\/3642"}],"collection":[{"href":"https:\/\/centers.ulbsibiu.ro\/ccsprise\/lact\/wp-json\/wp\/v2\/posts"}],"about":[{"href":"https:\/\/centers.ulbsibiu.ro\/ccsprise\/lact\/wp-json\/wp\/v2\/types\/post"}],"author":[{"embeddable":true,"href":"https:\/\/centers.ulbsibiu.ro\/ccsprise\/lact\/wp-json\/wp\/v2\/users\/2"}],"replies":[{"embeddable":true,"href":"https:\/\/centers.ulbsibiu.ro\/ccsprise\/lact\/wp-json\/wp\/v2\/comments?post=3642"}],"version-history":[{"count":1,"href":"https:\/\/centers.ulbsibiu.ro\/ccsprise\/lact\/wp-json\/wp\/v2\/posts\/3642\/revisions"}],"predecessor-version":[{"id":3643,"href":"https:\/\/centers.ulbsibiu.ro\/ccsprise\/lact\/wp-json\/wp\/v2\/posts\/3642\/revisions\/3643"}],"wp:attachment":[{"href":"https:\/\/centers.ulbsibiu.ro\/ccsprise\/lact\/wp-json\/wp\/v2\/media?parent=3642"}],"wp:term":[{"taxonomy":"category","embeddable":true,"href":"https:\/\/centers.ulbsibiu.ro\/ccsprise\/lact\/wp-json\/wp\/v2\/categories?post=3642"},{"taxonomy":"post_tag","embeddable":true,"href":"https:\/\/centers.ulbsibiu.ro\/ccsprise\/lact\/wp-json\/wp\/v2\/tags?post=3642"}],"curies":[{"name":"wp","href":"https:\/\/api.w.org\/{rel}","templated":true}]}}