{"id":3640,"date":"2017-11-03T17:32:49","date_gmt":"2017-11-03T15:32:49","guid":{"rendered":"https:\/\/centers.ulbsibiu.ro\/ccsprise\/lact\/?p=3640"},"modified":"2017-11-03T17:32:49","modified_gmt":"2017-11-03T15:32:49","slug":"03-11-2017-alegerile-parlamentare-2018-in-regiunea-transnistreana-vor-fi-create-doua-circumscriptii-uninominale","status":"publish","type":"post","link":"https:\/\/centers.ulbsibiu.ro\/ccsprise\/lact\/03-11-2017-alegerile-parlamentare-2018-in-regiunea-transnistreana-vor-fi-create-doua-circumscriptii-uninominale\/","title":{"rendered":"03.11.2017: Alegerile parlamentare 2018: \u00cen regiunea transnistrean\u0103 vor fi create dou\u0103 circumscrip\u021bii uninominale"},"content":{"rendered":"<p>Pentru alegerile parlamentare din 2018, \u00een regiunea transnistrean\u0103 vor fi create dou\u0103 circumscrip\u021bii uninominale, iar pentru diaspor\u0103 au fost atribuite trei mandate. <strong>Decizia a fost luat\u0103 ast\u0103zi \u00een cadrul \u0219edin\u021bei comisiei de profil.<\/strong><\/p>\n<p>Propunerile urmeaz\u0103 s\u0103 fie \u00eenaintate spre aprobare Guvernului.<\/p>\n<p>&#8220;Partea de nord p\u00e2n\u0103 la Dub\u0103sari, aici ar fi Camenca, R\u00eebni\u021ba \u0219i Dub\u0103sari ar fi o circumscrip\u021bie \u0219i a doua circumscrip\u021bie s\u0103 fie Grigoriopol, Tiraspol \u0219i Slobozia.\u00a0 Da, ei au ie\u0219it pu\u021bini la vot, dar teritoriul dac\u0103 noi\u00a0 vrem s\u0103 fie a nostru \u0219i dac\u0103 credem c\u0103 este a nostru, atunci noi trebuie s\u0103-l avem reprezentat&#8221;, a afirmat\u00a0pre\u0219edintele comisie de creare a circumscrip\u021biilor, Iurie Ciocan.<\/p>\n<p><strong>Tot \u00een cadrul \u0219edin\u021bei, exper\u021bii au stabilit hotarele finale a celorlalte 46 de circumscrip\u021bii uninominale. <\/strong><\/p>\n<p>11 din acestea vor fi \u00een municipiul Chi\u0219in\u0103u, c\u00e2te dou\u0103 \u00een B\u0103l\u021bi \u0219i autonomia g\u0103g\u0103uz\u0103 \u015fi o circumscrip\u021bie \u00een Taraclia.<\/p>\n<p>Propunerile au fost sus\u021binute de majoritatea membrilor comisiei cu excep\u021bia reprezentantului Partidului Sociali\u0219tilor, dar \u0219i a consilierului pre\u0219edintelui Igor Dodon, care s-au ar\u0103tat nemul\u021bumi\u021bi de felul \u00een care au fost delimitate hotarele circumscrip\u021biilor.<\/p>\n<p>Legea privind introducerea sistemul mixt de vot prevede ca 50 de deputa\u0163i s\u0103 fie ale\u015fi pe liste de partid, iar 51 &#8211; direct de cet\u0103\u0163eni.<\/p>\n<p>Cite\u0219te mai mult: <a href=\"https:\/\/www.publika.md\/alegerile-parlamentare-2018-in-regiunea-transnistreana-vor-fi-create-doua-circumscriptii-uninominale_2985163.html#ixzz4xNomCZ7i\">https:\/\/www.publika.md\/alegerile-parlamentare-2018-in-regiunea-transnistreana-vor-fi-create-doua-circumscriptii-uninominale_2985163.html#ixzz4xNomCZ7i<\/a><\/p>\n","protected":false},"excerpt":{"rendered":"<p>Pentru alegerile parlamentare din 2018, \u00een regiunea transnistrean\u0103 vor fi create dou\u0103 circumscrip\u021bii uninominale, iar pentru diaspor\u0103 au fost atribuite trei mandate. Decizia a fost luat\u0103 ast\u0103zi \u00een cadrul \u0219edin\u021bei comisiei de profil. Propunerile urmeaz\u0103 s\u0103 fie \u00eenaintate spre aprobare Guvernului. &#8220;Partea de nord p\u00e2n\u0103 la Dub\u0103sari, aici ar fi Camenca, R\u00eebni\u021ba \u0219i Dub\u0103sari ar&#8230;<\/p>\n","protected":false},"author":2,"featured_media":0,"comment_status":"closed","ping_status":"open","sticky":false,"template":"","format":"standard","meta":[],"categories":[1],"tags":[],"_links":{"self":[{"href":"https:\/\/centers.ulbsibiu.ro\/ccsprise\/lact\/wp-json\/wp\/v2\/posts\/3640"}],"collection":[{"href":"https:\/\/centers.ulbsibiu.ro\/ccsprise\/lact\/wp-json\/wp\/v2\/posts"}],"about":[{"href":"https:\/\/centers.ulbsibiu.ro\/ccsprise\/lact\/wp-json\/wp\/v2\/types\/post"}],"author":[{"embeddable":true,"href":"https:\/\/centers.ulbsibiu.ro\/ccsprise\/lact\/wp-json\/wp\/v2\/users\/2"}],"replies":[{"embeddable":true,"href":"https:\/\/centers.ulbsibiu.ro\/ccsprise\/lact\/wp-json\/wp\/v2\/comments?post=3640"}],"version-history":[{"count":1,"href":"https:\/\/centers.ulbsibiu.ro\/ccsprise\/lact\/wp-json\/wp\/v2\/posts\/3640\/revisions"}],"predecessor-version":[{"id":3641,"href":"https:\/\/centers.ulbsibiu.ro\/ccsprise\/lact\/wp-json\/wp\/v2\/posts\/3640\/revisions\/3641"}],"wp:attachment":[{"href":"https:\/\/centers.ulbsibiu.ro\/ccsprise\/lact\/wp-json\/wp\/v2\/media?parent=3640"}],"wp:term":[{"taxonomy":"category","embeddable":true,"href":"https:\/\/centers.ulbsibiu.ro\/ccsprise\/lact\/wp-json\/wp\/v2\/categories?post=3640"},{"taxonomy":"post_tag","embeddable":true,"href":"https:\/\/centers.ulbsibiu.ro\/ccsprise\/lact\/wp-json\/wp\/v2\/tags?post=3640"}],"curies":[{"name":"wp","href":"https:\/\/api.w.org\/{rel}","templated":true}]}}