{"id":3636,"date":"2017-11-03T17:04:17","date_gmt":"2017-11-03T15:04:17","guid":{"rendered":"https:\/\/centers.ulbsibiu.ro\/ccsprise\/lact\/?p=3636"},"modified":"2017-11-03T17:04:17","modified_gmt":"2017-11-03T15:04:17","slug":"03-11-2017-reprezentantii-politici-de-la-chisinau-si-tiraspol-au-semnat-decizia-protocolara-privind-deschiderea-podului-de-peste-raul-nistru-din-preajma-localitatilor-gura-bacului-si-bacioc","status":"publish","type":"post","link":"https:\/\/centers.ulbsibiu.ro\/ccsprise\/lact\/03-11-2017-reprezentantii-politici-de-la-chisinau-si-tiraspol-au-semnat-decizia-protocolara-privind-deschiderea-podului-de-peste-raul-nistru-din-preajma-localitatilor-gura-bacului-si-bacioc\/","title":{"rendered":"03.11.2017? Reprezentan\u0163ii politici de la Chi\u0219in\u0103u \u0219i Tiraspol au semnat Decizia protocolar\u0103 \u201cPrivind deschiderea podului de peste r\u00e2ul Nistru din preajma localit\u0103\u021bilor Gura B\u00e2cului \u0219i B\u00e2cioc \u201d"},"content":{"rendered":"<p>2017-11-03 15:21<\/p>\n<div class=\"panel-separator\"><\/div>\n<div class=\"panel-pane pane-views-panes pane-media-gallery-panel-pane-6 media-slider\">\n<div class=\"pane-content\">\n<div class=\"view view-media-gallery view-id-media_gallery view-display-id-panel_pane_6 view-dom-id-2bcfd2d307112a11818051737414319c\">\n<div class=\"view-content\">\n<div class=\"skin-default views-slideshow-cycle-processed\">\n<div id=\"views_slideshow_cycle_main_media_gallery-panel_pane_6_1\" class=\"views_slideshow_cycle_main views_slideshow_main viewsSlideshowCycle-processed\">\n<div id=\"views_slideshow_cycle_teaser_section_media_gallery-panel_pane_6_1\" class=\"views-slideshow-cycle-main-frame views_slideshow_cycle_teaser_section\">\n<div id=\"views_slideshow_cycle_div_media_gallery-panel_pane_6_1_0\" class=\"views-slideshow-cycle-main-frame-row views_slideshow_cycle_slide views_slideshow_slide views-row-1 views-row-first views-row-odd\" aria-labelledby=\"views_slideshow_pager_field_item_bottom_media_gallery-panel_pane_6_1_0\">\n<div class=\"views-slideshow-cycle-main-frame-row-item views-row views-row-0 views-row-odd views-row-first\">\n<div class=\"views-field views-field-field-content-images\">\n<div class=\"field-content\"><img loading=\"lazy\" class=\"aligncenter\" src=\"http:\/\/gov.md\/sites\/default\/files\/styles\/comunicate_480x540\/public\/content_images\/foto_1_6.jpg?itok=--zj918N\" alt=\"\" width=\"525\" height=\"350\" \/><\/div>\n<\/div>\n<\/div>\n<\/div>\n<div id=\"views_slideshow_cycle_div_media_gallery-panel_pane_6_1_1\" class=\"views-slideshow-cycle-main-frame-row views_slideshow_cycle_slide views_slideshow_slide views-row-2 views_slideshow_cycle_hidden views-row-even\" aria-labelledby=\"views_slideshow_pager_field_item_bottom_media_gallery-panel_pane_6_1_1\">\n<div class=\"views-slideshow-cycle-main-frame-row-item views-row views-row-0 views-row-odd\">\n<div class=\"views-field views-field-field-content-images\">\n<div class=\"field-content\"><\/div>\n<\/div>\n<\/div>\n<\/div>\n<div id=\"views_slideshow_cycle_div_media_gallery-panel_pane_6_1_2\" class=\"views-slideshow-cycle-main-frame-row views_slideshow_cycle_slide views_slideshow_slide views-row-3 views_slideshow_cycle_hidden views-row-odd\" aria-labelledby=\"views_slideshow_pager_field_item_bottom_media_gallery-panel_pane_6_1_2\">\n<div class=\"views-slideshow-cycle-main-frame-row-item views-row views-row-0 views-row-odd\">\n<div class=\"views-field views-field-field-content-images\">\n<div class=\"field-content\"><\/div>\n<\/div>\n<\/div>\n<\/div>\n<div id=\"views_slideshow_cycle_div_media_gallery-panel_pane_6_1_3\" class=\"views-slideshow-cycle-main-frame-row views_slideshow_cycle_slide views_slideshow_slide views-row-4 views_slideshow_cycle_hidden views-row-even\" aria-labelledby=\"views_slideshow_pager_field_item_bottom_media_gallery-panel_pane_6_1_3\"><\/div>\n<div id=\"views_slideshow_cycle_div_media_gallery-panel_pane_6_1_4\" class=\"views-slideshow-cycle-main-frame-row views_slideshow_cycle_slide views_slideshow_slide views-row-5 views_slideshow_cycle_hidden views-row-odd\" aria-labelledby=\"views_slideshow_pager_field_item_bottom_media_gallery-panel_pane_6_1_4\">\n<div class=\"views-slideshow-cycle-main-frame-row-item views-row views-row-0 views-row-odd\">\n<div class=\"views-field views-field-field-content-images\">\n<div class=\"field-content\"><\/div>\n<\/div>\n<\/div>\n<\/div>\n<\/div>\n<\/div>\n<div class=\"views-slideshow-controls-bottom clearfix\">\n<div id=\"widget_pager_bottom_media_gallery-panel_pane_6_1\" class=\"views-slideshow-pager-fields widget_pager widget_pager_bottom views_slideshow_pager_field views-slideshow-pager-field-processed\"><\/div>\n<div id=\"views_slideshow_controls_text_media_gallery-panel_pane_6_1\" class=\"views-slideshow-controls-text views_slideshow_controls_text\">Ast\u0103zi 3 noiembrie 2017, la sediul Misiunii OSCE din or.Chi\u0219in\u0103u, a avut loc \u015fedin\u0163a de lucru a reprezentan\u0163ilor politici \u00een procesul de negocieri pentru reglementarea transnistrean\u0103 din partea Chi\u015fin\u0103ului \u015fi Tiraspolului, Gheorghe B\u0103lan \u015fi Vitalii Ignatiev.<\/div>\n<\/div>\n<\/div>\n<\/div>\n<\/div>\n<\/div>\n<\/div>\n<div class=\"panel-pane pane-entity-field pane-node-body press-release\">\n<div class=\"pane-content\">\n<div class=\"field field-name-body field-type-text-with-summary field-label-hidden\">\n<div class=\"field-items\">\n<div class=\"field-item even\">\n<p>Scopul \u00eentrevederii a constat \u00een coordonarea \u0219i definitivarea textului unui proiect de document, consultat \u00een prealabil la nivel de exper\u021bi \u0219i prin platforma de dialog a reprezentan\u021bilor politici.<\/p>\n<p>\u00cen rezultatul unui schimb de opinii \u0219i argumente pe marginea con\u021binutului proiectului s-a convenit un concept reciproc acceptabil, cu semnarea de c\u0103tre reprezentan\u021bii politici de la Chi\u0219in\u0103u \u0219i Tiraspol a unei decizii protocolare, \u00een prevederile c\u0103reia se stipuleaz\u0103 expres c\u0103 \u00eencep\u00e2nd cu data de 20 noiembrie curent p\u0103r\u021bile s-au \u00een\u021beles referitor la redeschiderea podului de peste r.Nistru din preajma localit\u0103\u021bilor Gura B\u00e2cului \u0219i B\u00e2cioc, pe care trece magistrala interna\u021bional\u0103 M14.<\/p>\n<p>Repunerea \u00een func\u021biune a acestui pod va oferi posibilitatea relans\u0103rii liberei circula\u021bii a persoanelor, mijloacelor de transport \u0219i a bunurilor de pe ambele maluri ale Nistrului, facilit\u00e2nd activitatea agen\u021bilor economici \u0219i stimularea mediului investi\u021bional.<\/p>\n<p>Dup\u0103 semnarea documentului nominalizat p\u0103r\u021bile urmeaz\u0103 s\u0103 demareze m\u0103suri comune, dup\u0103 necesitate, cu implicarea exper\u021bilor interna\u021bionali, \u00een vederea evalu\u0103rii st\u0103rii tehnice, determin\u0103rii volumului de lucru, costurilor \u0219i termenelor de efectuare a lucr\u0103rilor de repara\u021bie \u00eentru a asigura siguran\u021ba circula\u021biei rutiere.<\/p>\n<p>Conform prevederilor deciziei protocolare p\u0103r\u021bile se vor adresa c\u0103tre partenerii interna\u021bionali \u00een formatul de negocieri \u201c5+2\u201d, cu rug\u0103mintea de a acorda suport financiar \u00een realizarea lucr\u0103rilor de repara\u021bie, restabilirea parametrilor de exploatare \u0219i \u00eembun\u0103t\u0103\u021birea infrastructurii rutiere a podului.<\/p>\n<p>\u00cen vederea facilit\u0103rii procesului de redeschidere a podului, dar \u0219i a faptului amplas\u0103rii acestui obiectiv \u00een Zona de Securitate, pe linia de activitate a Comisiei Unificate de Control urmeaz\u0103 a fi \u00eentreprinse m\u0103surile organizatorice ce se impun.<\/p>\n<p>De asemenea, p\u0103r\u021bile au convenit ca podul de la Gura B\u00e2cului s\u0103 nu fie utilizat \u00een scopuri militare \u0219i au confirmat c\u0103 se vor ab\u021bine de la orice ac\u021biuni de acest gen.<\/p>\n<p>La finalul \u00eentrevederii, reprezentan\u0163ii politici au sus\u0163inut un briefing de pres\u0103, oferind r\u0103spunsuri \u0219i comentarii la un spectru larg de \u00eentreb\u0103ri actuale ce figureaz\u0103 pe agenda procesului de negocieri.<\/p>\n<p>\u00cen contextul semn\u0103rii deciziei protocolare men\u021bionate \u0219i a disponibilit\u0103\u021bii p\u0103r\u021bilor de a ob\u021bine rezultate tangibile \u0219i favorabile intereselor popula\u021biei \u00een raport \u0219i cu alte probleme stringente \u00eent\u00e2mpinate de c\u0103tre locuitorii de pe ambele maluri ale Nistrului, a fost creat un teren favorabil pentru ca \u00een perioada apropiat\u0103 Pre\u0219edin\u021bia \u00een exerci\u021biu a OSCE s\u0103 organizeze o reuniune a Conferin\u021bei permanente pe probleme politice \u00een procesul de reglementare transnistrean\u0103 (formatul de negocieri \u201e5+2\u201d).<\/p>\n<p>Reamintim c\u0103 podul dintre satele Gura-B\u00e2cului \u0219i B\u00e2cioc a fost \u00een trecut, un traseu interna\u021bional, distrus \u00een 1992, ulterior, \u00een anul 2000 fiind reconstruit gra\u021bie unor fonduri europene, dar, p\u00e2n\u0103 \u00een prezent, nu a fost posibil de dat \u00een exploatare din cauza unor divergen\u021be politice \u00eentre Chi\u0219in\u0103u \u0219i Tiraspol.<\/p>\n<p>Sursa:<\/p>\n<p><a href=\"http:\/\/gov.md\/ro\/content\/reprezentantii-politici-de-la-chisinau-si-tiraspol-au-semnat-decizia-protocolara-privind\">http:\/\/gov.md\/ro\/content\/reprezentantii-politici-de-la-chisinau-si-tiraspol-au-semnat-decizia-protocolara-privind<\/a><\/p>\n<\/div>\n<\/div>\n<\/div>\n<\/div>\n<\/div>\n","protected":false},"excerpt":{"rendered":"<p>2017-11-03 15:21 Ast\u0103zi 3 noiembrie 2017, la sediul Misiunii OSCE din or.Chi\u0219in\u0103u, a avut loc \u015fedin\u0163a de lucru a reprezentan\u0163ilor politici \u00een procesul de negocieri pentru reglementarea transnistrean\u0103 din partea Chi\u015fin\u0103ului \u015fi Tiraspolului, Gheorghe B\u0103lan \u015fi Vitalii Ignatiev. Scopul \u00eentrevederii a constat \u00een coordonarea \u0219i definitivarea textului unui proiect de document, consultat \u00een prealabil la&#8230;<\/p>\n","protected":false},"author":2,"featured_media":0,"comment_status":"closed","ping_status":"open","sticky":false,"template":"","format":"standard","meta":[],"categories":[1],"tags":[],"_links":{"self":[{"href":"https:\/\/centers.ulbsibiu.ro\/ccsprise\/lact\/wp-json\/wp\/v2\/posts\/3636"}],"collection":[{"href":"https:\/\/centers.ulbsibiu.ro\/ccsprise\/lact\/wp-json\/wp\/v2\/posts"}],"about":[{"href":"https:\/\/centers.ulbsibiu.ro\/ccsprise\/lact\/wp-json\/wp\/v2\/types\/post"}],"author":[{"embeddable":true,"href":"https:\/\/centers.ulbsibiu.ro\/ccsprise\/lact\/wp-json\/wp\/v2\/users\/2"}],"replies":[{"embeddable":true,"href":"https:\/\/centers.ulbsibiu.ro\/ccsprise\/lact\/wp-json\/wp\/v2\/comments?post=3636"}],"version-history":[{"count":1,"href":"https:\/\/centers.ulbsibiu.ro\/ccsprise\/lact\/wp-json\/wp\/v2\/posts\/3636\/revisions"}],"predecessor-version":[{"id":3637,"href":"https:\/\/centers.ulbsibiu.ro\/ccsprise\/lact\/wp-json\/wp\/v2\/posts\/3636\/revisions\/3637"}],"wp:attachment":[{"href":"https:\/\/centers.ulbsibiu.ro\/ccsprise\/lact\/wp-json\/wp\/v2\/media?parent=3636"}],"wp:term":[{"taxonomy":"category","embeddable":true,"href":"https:\/\/centers.ulbsibiu.ro\/ccsprise\/lact\/wp-json\/wp\/v2\/categories?post=3636"},{"taxonomy":"post_tag","embeddable":true,"href":"https:\/\/centers.ulbsibiu.ro\/ccsprise\/lact\/wp-json\/wp\/v2\/tags?post=3636"}],"curies":[{"name":"wp","href":"https:\/\/api.w.org\/{rel}","templated":true}]}}