{"id":3634,"date":"2017-11-02T19:17:34","date_gmt":"2017-11-02T17:17:34","guid":{"rendered":"https:\/\/centers.ulbsibiu.ro\/ccsprise\/lact\/?p=3634"},"modified":"2017-11-02T19:17:34","modified_gmt":"2017-11-02T17:17:34","slug":"02-11-2017-viceministrul-rus-de-externe-considera-ca-austria-trebuie-sa-convoace-o-intalnire-in-formatul-52","status":"publish","type":"post","link":"https:\/\/centers.ulbsibiu.ro\/ccsprise\/lact\/02-11-2017-viceministrul-rus-de-externe-considera-ca-austria-trebuie-sa-convoace-o-intalnire-in-formatul-52\/","title":{"rendered":"02.11.2017: VICEMINISTRUL RUS DE EXTERNE CONSIDER\u0102 C\u0102 AUSTRIA TREBUIE S\u0102 CONVOACE O \u00ceNT\u00c2LNIRE \u00ceN FORMATUL \u201e5+2\u201d"},"content":{"rendered":"<p>Viceministrul Afacerilor Externe al Rusiei, Grigori Karasin, consider\u0103 c\u0103 Austria trebuie s\u0103 convoace p\u00e2n\u0103 la sf\u00e2r\u015fitul anului o rund\u0103 de negocieri pentru reglementarea transnistrean\u0103 \u00een formatul \u201e5+2\u201d. Potrivit agen\u0163iei INFOTAG, despre aceasta el a declarat \u00eentr-un interviu pentru publica\u0163ia rus\u0103 \u201e\u0418\u0437\u0432\u0435\u0441\u0442\u0438\u044f\u201d.<\/p>\n<p>Potrivit lui, \u201eMoscova solicit\u0103 convocarea unei \u00eent\u00e2lniri \u00een formatul \u201e5+2\u201d, pentru ca situa\u021bia \u00een regiune s\u0103 nu se tensioneze la maximum\u201d.<\/p>\n<p>\u201eConfirm\u0103m oportunitatea relu\u0103rii c\u00e2t mai grabnice a reuniunilor oficiale \u00een formatul \u201e5+2\u201d. Dac\u0103 formatul se va convoca p\u00e2n\u0103 la sf\u00e2r\u0219itul anului 2017, noi vom depune toate eforturile pentru a contribui la atingerea unui rezultat. Nu prea este clar de ce t\u0103r\u0103g\u0103neaz\u0103 pre\u0219edin\u021bia austriac\u0103 a OSCE, motiv\u00e2nd c\u0103 fiecare \u00eent\u00e2lnire oficial\u0103 \u00een a formatul \u201e5+2\u201d trebuie s\u0103 se \u00eencheie prin semnarea unor acorduri importante \u00eentre Chi\u0219in\u0103u \u0219i Tiraspol. Acest lucru tergiverseaz\u0103 procesul \u0219i chiar tensioneaz\u0103 situa\u021bia. Este necesar\u0103 o tactic\u0103 de m\u0103suri practice, c\u0103ci altfel totul se va \u00eempotmoli \u00een dispute \u0219i discu\u021bii interminabile\u201d, a spus Grigori Karasin.<\/p>\n<p>Potrivit lui, Moscova de mai multe luni a ridicat \u00een mod constant problema organiz\u0103rii ne\u00eent\u00e2rziate a \u00eent\u00e2lnirii \u00een formatul \u201e5+2\u201d.<\/p>\n<p>\u201eAnume acolo Chi\u0219in\u0103ul \u0219i Tiraspolul trebuie s\u0103 discute problemele \u0219i s\u0103 avanseze, stabilind acorduri pe teme concrete\u201d, a men\u021bionat diplomatul.<\/p>\n<p>Referindu-se la MAE al Rusiei, publica\u0163ia rus\u0103 scrie c\u0103 \u201esubiectele principale ale discu\u021biilor vor fi instalarea punctelor de control pe segmentul transnistrean al frontierei moldo-ucrainene\u201d, precum \u0219i problema \u201eretragerii pacificatorilor ru\u0219i din regiune, lucru solicitat de Parlamentul Moldovei\u201d.<\/p>\n<p>\u201eMul\u021bi exper\u021bi consider\u0103 c\u0103 problemele existente \u00een rela\u021biile dintre Chi\u0219in\u0103u \u0219i Tiraspol ar putea provoca o solu\u021bie militar\u0103 a conflictului\u201d, conchide publica\u0163ia rus\u0103.<\/p>\n<p>\u00cen acela\u0219i timp, Moldova \u0219i Ucraina au declarat \u00een repetate r\u00e2nduri c\u0103 \u201eproblema instal\u0103rii punctelor comune de control la frontier\u0103 \u0163ine de dezvoltarea rela\u021biilor bilaterale \u0219i nu poate constitui obiectul discu\u021biei \u00eentr-un format multilateral\u201d. \u00cen ceea ce prive\u0219te retragerea trupelor ruse, Parlamentul Moldovei a adoptat la 21 iulie 2017 o declara\u021bie prin care solicit\u0103 retragerea Grupului operativ al trupelor ruse din Transnistria \u0219i transformarea opera\u0163iunii de men\u0163inere a p\u0103cii \u00eentr-o misiune multina\u021bional\u0103 cu mandat interna\u021bional.<\/p>\n<p>Dup\u0103 cum a informat anterior INFOTAG, reprezentan\u021bii formatului \u201e5+2\u201d s-au \u00eent\u00e2lnit luni cu premierul Moldovei, Pavel Filip. Reprezentan\u021bii mediatorilor \u0219i observatorilor au discutat despre posibilitatea organiz\u0103rii unei reuniuni \u00een formatul \u201e5+2\u201c, care ar putea avea loc p\u00e2n\u0103 la sf\u00e2r\u0219itul lunii noiembrie la Viena.<\/p>\n<p>Sursa:<\/p>\n<p><a href=\"http:\/\/www.infotag.md\/rebelion-ro\/254706\/\">http:\/\/www.infotag.md\/rebelion-ro\/254706\/<\/a><\/p>\n","protected":false},"excerpt":{"rendered":"<p>Viceministrul Afacerilor Externe al Rusiei, Grigori Karasin, consider\u0103 c\u0103 Austria trebuie s\u0103 convoace p\u00e2n\u0103 la sf\u00e2r\u015fitul anului o rund\u0103 de negocieri pentru reglementarea transnistrean\u0103 \u00een formatul \u201e5+2\u201d. Potrivit agen\u0163iei INFOTAG, despre aceasta el a declarat \u00eentr-un interviu pentru publica\u0163ia rus\u0103 \u201e\u0418\u0437\u0432\u0435\u0441\u0442\u0438\u044f\u201d. Potrivit lui, \u201eMoscova solicit\u0103 convocarea unei \u00eent\u00e2lniri \u00een formatul \u201e5+2\u201d, pentru ca situa\u021bia \u00een&#8230;<\/p>\n","protected":false},"author":2,"featured_media":0,"comment_status":"closed","ping_status":"open","sticky":false,"template":"","format":"standard","meta":[],"categories":[1],"tags":[],"_links":{"self":[{"href":"https:\/\/centers.ulbsibiu.ro\/ccsprise\/lact\/wp-json\/wp\/v2\/posts\/3634"}],"collection":[{"href":"https:\/\/centers.ulbsibiu.ro\/ccsprise\/lact\/wp-json\/wp\/v2\/posts"}],"about":[{"href":"https:\/\/centers.ulbsibiu.ro\/ccsprise\/lact\/wp-json\/wp\/v2\/types\/post"}],"author":[{"embeddable":true,"href":"https:\/\/centers.ulbsibiu.ro\/ccsprise\/lact\/wp-json\/wp\/v2\/users\/2"}],"replies":[{"embeddable":true,"href":"https:\/\/centers.ulbsibiu.ro\/ccsprise\/lact\/wp-json\/wp\/v2\/comments?post=3634"}],"version-history":[{"count":1,"href":"https:\/\/centers.ulbsibiu.ro\/ccsprise\/lact\/wp-json\/wp\/v2\/posts\/3634\/revisions"}],"predecessor-version":[{"id":3635,"href":"https:\/\/centers.ulbsibiu.ro\/ccsprise\/lact\/wp-json\/wp\/v2\/posts\/3634\/revisions\/3635"}],"wp:attachment":[{"href":"https:\/\/centers.ulbsibiu.ro\/ccsprise\/lact\/wp-json\/wp\/v2\/media?parent=3634"}],"wp:term":[{"taxonomy":"category","embeddable":true,"href":"https:\/\/centers.ulbsibiu.ro\/ccsprise\/lact\/wp-json\/wp\/v2\/categories?post=3634"},{"taxonomy":"post_tag","embeddable":true,"href":"https:\/\/centers.ulbsibiu.ro\/ccsprise\/lact\/wp-json\/wp\/v2\/tags?post=3634"}],"curies":[{"name":"wp","href":"https:\/\/api.w.org\/{rel}","templated":true}]}}