{"id":3632,"date":"2017-11-01T18:11:17","date_gmt":"2017-11-01T16:11:17","guid":{"rendered":"https:\/\/centers.ulbsibiu.ro\/ccsprise\/lact\/?p=3632"},"modified":"2017-11-01T18:11:17","modified_gmt":"2017-11-01T16:11:17","slug":"01-11-2017-tiraspolul-a-semnat-un-protocol-de-colaborare-cu-serviciul-vamal-de-la-moscova-menit-sa-simplifice-comertul-regiunii-transnistrene","status":"publish","type":"post","link":"https:\/\/centers.ulbsibiu.ro\/ccsprise\/lact\/01-11-2017-tiraspolul-a-semnat-un-protocol-de-colaborare-cu-serviciul-vamal-de-la-moscova-menit-sa-simplifice-comertul-regiunii-transnistrene\/","title":{"rendered":"01.11.2017: Tiraspolul a semnat un protocol de colaborare cu serviciul vamal de la Moscova, menit s\u0103 simplifice comer\u021bul regiunii transnistrene"},"content":{"rendered":"<p>Administra\u021bia secesionist\u0103 de la Tiraspol a anun\u021bat c\u0103 a semnat un protocol de colaborare cu Serviciul vamal de la Moscova menit s\u0103 simplifice comer\u021bul regiunii transnistrene cu Rusia. Schimbul de informa\u021bii dintre Serviciul vamal rusesc \u0219i a\u0219a-numitul comitet vamal transnistrean ar urma s\u0103 se fac\u0103, de acum \u00eencolo, cu regularitate, transmite presa oficial\u0103 de la Tiraspol, care precizeaz\u0103 c\u0103 \u00een\u021belegerea a fost semnat\u0103 la Moscova de \u0219eful v\u0103mii transnistrene, Vitali Neagu, \u0219i adjunctul Serviciului vamal al Federa\u021biei Ruse, Andrei Strukov.<\/p>\n<p>Statistica transnistrean\u0103 sus\u021bine c\u0103 \u00een primele nou\u0103 luni ale acestui an, comer\u021bul regiunii secesioniste cu Federa\u021bia Rus\u0103 ar fi crescut cu aproape 50%, cea mai mare cot\u0103 revenindu-i industriei produc\u0103toare de ma\u0219ini \u2013 34%, metalelor \u0219i produc\u021biei metalurgice \u2013 20%. Din totalul exporturilor transnistrene pe pia\u021ba rus\u0103 le-au revenit c\u00e2te 10% industriei alimentare, celei textile \u0219i chimice, iar industriei \u00eenc\u0103l\u021b\u0103mintei \u2013 8%.<\/p>\n<p>Agen\u021bia <em>Novosti Pridnestrovia<\/em> transmite c\u0103 la \u00eent\u00e2lnirea de la Moscova s-a acordat o aten\u021bie deosebit\u0103 aspectelor privind identificarea m\u0103rfurilor transnistrene \u00een fluxul exporturilor Republicii Moldova.<\/p>\n<p>Amintim c\u0103 din anul 2006, agen\u021bii economici din Transnistria \u00ee\u0219i pot exporta produsele doar \u00een calitate de agen\u021bi economici ai Republicii Moldova. Embargourile comerciale pe care Rusia le-a impus Moldovei \u00een ultimul deceniu au lovit, astfel, \u0219i \u00een produc\u0103torii din regiunea secesionist\u0103. \u00cen aceast\u0103 perioad\u0103, exporturile transnistrene spre Rusia s-au diminuat de la circa 70% p\u00e2n\u0103 la 7%. Concomitent \u00eens\u0103 companiile din Transnistria beneficiaz\u0103 de preferin\u021be comerciale din partea UE, ceea ce le-a stimulat s\u0103 se reorienteze spre pia\u021ba comunitar\u0103 \u0219i pia\u021ba intern\u0103 a Republicii Moldova, unde ajung circa 70% din totalul produselor exportate de companiile din regiunea transnistrean\u0103.<\/p>\n<p>Sursa:<\/p>\n<p><a href=\"https:\/\/www.europalibera.org\/a\/28829157.html\">https:\/\/www.europalibera.org\/a\/28829157.html<\/a><\/p>\n","protected":false},"excerpt":{"rendered":"<p>Administra\u021bia secesionist\u0103 de la Tiraspol a anun\u021bat c\u0103 a semnat un protocol de colaborare cu Serviciul vamal de la Moscova menit s\u0103 simplifice comer\u021bul regiunii transnistrene cu Rusia. Schimbul de informa\u021bii dintre Serviciul vamal rusesc \u0219i a\u0219a-numitul comitet vamal transnistrean ar urma s\u0103 se fac\u0103, de acum \u00eencolo, cu regularitate, transmite presa oficial\u0103 de la&#8230;<\/p>\n","protected":false},"author":2,"featured_media":0,"comment_status":"closed","ping_status":"open","sticky":false,"template":"","format":"standard","meta":[],"categories":[1],"tags":[],"_links":{"self":[{"href":"https:\/\/centers.ulbsibiu.ro\/ccsprise\/lact\/wp-json\/wp\/v2\/posts\/3632"}],"collection":[{"href":"https:\/\/centers.ulbsibiu.ro\/ccsprise\/lact\/wp-json\/wp\/v2\/posts"}],"about":[{"href":"https:\/\/centers.ulbsibiu.ro\/ccsprise\/lact\/wp-json\/wp\/v2\/types\/post"}],"author":[{"embeddable":true,"href":"https:\/\/centers.ulbsibiu.ro\/ccsprise\/lact\/wp-json\/wp\/v2\/users\/2"}],"replies":[{"embeddable":true,"href":"https:\/\/centers.ulbsibiu.ro\/ccsprise\/lact\/wp-json\/wp\/v2\/comments?post=3632"}],"version-history":[{"count":1,"href":"https:\/\/centers.ulbsibiu.ro\/ccsprise\/lact\/wp-json\/wp\/v2\/posts\/3632\/revisions"}],"predecessor-version":[{"id":3633,"href":"https:\/\/centers.ulbsibiu.ro\/ccsprise\/lact\/wp-json\/wp\/v2\/posts\/3632\/revisions\/3633"}],"wp:attachment":[{"href":"https:\/\/centers.ulbsibiu.ro\/ccsprise\/lact\/wp-json\/wp\/v2\/media?parent=3632"}],"wp:term":[{"taxonomy":"category","embeddable":true,"href":"https:\/\/centers.ulbsibiu.ro\/ccsprise\/lact\/wp-json\/wp\/v2\/categories?post=3632"},{"taxonomy":"post_tag","embeddable":true,"href":"https:\/\/centers.ulbsibiu.ro\/ccsprise\/lact\/wp-json\/wp\/v2\/tags?post=3632"}],"curies":[{"name":"wp","href":"https:\/\/api.w.org\/{rel}","templated":true}]}}