{"id":3630,"date":"2017-11-01T18:05:43","date_gmt":"2017-11-01T16:05:43","guid":{"rendered":"https:\/\/centers.ulbsibiu.ro\/ccsprise\/lact\/?p=3630"},"modified":"2017-11-01T18:05:43","modified_gmt":"2017-11-01T16:05:43","slug":"01-11-2017-in-transnistria-sunt-politicieni-care-sunt-interesati-de-negocieri-cu-moldova-presedintele-igor-dodon","status":"publish","type":"post","link":"https:\/\/centers.ulbsibiu.ro\/ccsprise\/lact\/01-11-2017-in-transnistria-sunt-politicieni-care-sunt-interesati-de-negocieri-cu-moldova-presedintele-igor-dodon\/","title":{"rendered":"01.11.2017: \u00ceN TRANSNISTRIA SUNT POLITICIENI CARE SUNT INTERESA\u0162I DE NEGOCIERI CU MOLDOVA \u2013 PRE\u015eEDINTELE IGOR DODON"},"content":{"rendered":"<p>Pre\u015fedintele Moldovei, Igor Dodon, a declarat c\u0103 \u00een Transnistria sunt politicieni \u015fi reprezentan\u0163i ai cercurilor de afaceri care sunt interesa\u0163i de reluarea negocierilor cu Moldova.<\/p>\n<p>Potrivit agen\u0163iei INFOTAG cu referire la un interviu al Pre\u015fedintelui pentru agen\u0163ia rus\u0103 ITAR-TASS, el a spus c\u0103 strategia lor este \u201ede a tensiona situa\u0163ia \u015fi de a solicita ajutorul Moscovei, inclusiv financiar\u201d.<\/p>\n<p>\u015eeful statului a spus c\u0103 aceasta este \u201eo strategie neprev\u0103z\u0103toare, d\u0103un\u0103toare pentru cet\u0103\u0163enii de pe ambele maluri ale Nistrului\u201d.<\/p>\n<p>\u201eProblemele reglement\u0103rii conflictului transnistrean trebuie s\u0103 fie discutate cu cel pe care l-a ales poporul moldovean \u0219i care poate s\u0103 vad\u0103 o perspectiv\u0103 clar\u0103. Dac\u0103 cineva vrea s\u0103 discute unele scheme de contraband\u0103, acest lucru nu este pentru mine\u201d, a spus Dodon, numind drept exemplu implicarea sa \u00een importul de energie electric\u0103 de la CERS Moldoveneasc\u0103, amplasat\u0103 \u00een Transnistria.<\/p>\n<p>Referindu-se la reglementarea transnistrean\u0103, Pre\u0219edintele moldovean a spus c\u0103 \u201eformula sa a fost deja definit\u0103 \u0219i stabilit\u0103 \u00een numeroase documente care au fost semnate de mediatorii \u0219i garan\u021bii reglement\u0103rii \u2013 OSCE, Rusia, Ucraina, precum \u0219i observatorii din partea SUA \u0219i UE\u201d.<\/p>\n<p>\u201e\u00cen aceste documente, Transnistria este definit\u0103 ca parte a Republicii Moldova, \u00eenvestit\u0103 cu statut special. Acum trebuie s\u0103 convenim asupra \u00eemp\u0103r\u021birii puterilor \u00eentr-o \u021bar\u0103 unificat\u0103. \u0218i aici nu vom solu\u0163iona nimic prin presiune \u2013 \u00een Transnistria locuiesc circa 200 mii de cet\u0103\u021beni ru\u0219i, iar Moscova nu \u00eei va l\u0103sa s\u0103 fie neglija\u0163i\u201d, a spus el.<\/p>\n<p>Potrivit Pre\u0219edintelui, trebuie s\u0103 a\u0219tept\u0103m ca \u201eRusia \u0219i Occidentul s\u0103 se \u00een\u0163eleag\u0103 ca s\u0103 demonstreze \u201epovestea de succes\u201d \u00een Moldova\u201d.<\/p>\n<p>\u201eSper c\u0103 \u00een urm\u0103torii doi-trei ani va ap\u0103rea o astfel de \u201efereastr\u0103 geopolitic\u0103\u201d. Pentru noi, este important s\u0103 p\u0103str\u0103m pacea, s\u0103 intensific\u0103m cooperarea \u00eentre cele dou\u0103 maluri ale Nistrului. Pentru a face acest lucru, trebuie s\u0103 form\u0103m o majoritate promoldoveneasc\u0103 dup\u0103 alegerile din 2018 \u00een Parlament, care va pleda pentru p\u0103strarea neutralit\u0103\u021bii, se va opune unirii cu Rom\u00e2nia \u0219i integr\u0103rii \u00een NATO, ac\u0163iuni for\u0163ate de guvernarea actual\u0103 sub presiunea Occidentului\u201d, a spus Dodon.<\/p>\n<p>El a atras aten\u021bia asupra faptului c\u0103, de\u0219i majoritatea cet\u0103\u021benilor Republicii Moldova sunt \u00eempotriva ader\u0103rii la NATO, guvernul vrea s\u0103 deschid\u0103 la Chi\u0219in\u0103u un Oficiu de Leg\u0103tur\u0103,<\/p>\n<p>Sursa:<\/p>\n<p><a href=\"http:\/\/www.infotag.md\/rebelion-ro\/254587\/\">http:\/\/www.infotag.md\/rebelion-ro\/254587\/<\/a><\/p>\n","protected":false},"excerpt":{"rendered":"<p>Pre\u015fedintele Moldovei, Igor Dodon, a declarat c\u0103 \u00een Transnistria sunt politicieni \u015fi reprezentan\u0163i ai cercurilor de afaceri care sunt interesa\u0163i de reluarea negocierilor cu Moldova. Potrivit agen\u0163iei INFOTAG cu referire la un interviu al Pre\u015fedintelui pentru agen\u0163ia rus\u0103 ITAR-TASS, el a spus c\u0103 strategia lor este \u201ede a tensiona situa\u0163ia \u015fi de a solicita ajutorul&#8230;<\/p>\n","protected":false},"author":2,"featured_media":0,"comment_status":"closed","ping_status":"open","sticky":false,"template":"","format":"standard","meta":[],"categories":[1],"tags":[],"_links":{"self":[{"href":"https:\/\/centers.ulbsibiu.ro\/ccsprise\/lact\/wp-json\/wp\/v2\/posts\/3630"}],"collection":[{"href":"https:\/\/centers.ulbsibiu.ro\/ccsprise\/lact\/wp-json\/wp\/v2\/posts"}],"about":[{"href":"https:\/\/centers.ulbsibiu.ro\/ccsprise\/lact\/wp-json\/wp\/v2\/types\/post"}],"author":[{"embeddable":true,"href":"https:\/\/centers.ulbsibiu.ro\/ccsprise\/lact\/wp-json\/wp\/v2\/users\/2"}],"replies":[{"embeddable":true,"href":"https:\/\/centers.ulbsibiu.ro\/ccsprise\/lact\/wp-json\/wp\/v2\/comments?post=3630"}],"version-history":[{"count":1,"href":"https:\/\/centers.ulbsibiu.ro\/ccsprise\/lact\/wp-json\/wp\/v2\/posts\/3630\/revisions"}],"predecessor-version":[{"id":3631,"href":"https:\/\/centers.ulbsibiu.ro\/ccsprise\/lact\/wp-json\/wp\/v2\/posts\/3630\/revisions\/3631"}],"wp:attachment":[{"href":"https:\/\/centers.ulbsibiu.ro\/ccsprise\/lact\/wp-json\/wp\/v2\/media?parent=3630"}],"wp:term":[{"taxonomy":"category","embeddable":true,"href":"https:\/\/centers.ulbsibiu.ro\/ccsprise\/lact\/wp-json\/wp\/v2\/categories?post=3630"},{"taxonomy":"post_tag","embeddable":true,"href":"https:\/\/centers.ulbsibiu.ro\/ccsprise\/lact\/wp-json\/wp\/v2\/tags?post=3630"}],"curies":[{"name":"wp","href":"https:\/\/api.w.org\/{rel}","templated":true}]}}