{"id":3619,"date":"2017-10-30T17:51:11","date_gmt":"2017-10-30T15:51:11","guid":{"rendered":"https:\/\/centers.ulbsibiu.ro\/ccsprise\/lact\/?p=3619"},"modified":"2017-10-30T17:51:11","modified_gmt":"2017-10-30T15:51:11","slug":"30-10-2017-la-tiraspol-va-fi-discutata-revolutia-rusa-din-1917-in-destinul-transnistriei-rusiei-si-lumii-intregi","status":"publish","type":"post","link":"https:\/\/centers.ulbsibiu.ro\/ccsprise\/lact\/30-10-2017-la-tiraspol-va-fi-discutata-revolutia-rusa-din-1917-in-destinul-transnistriei-rusiei-si-lumii-intregi\/","title":{"rendered":"30.10.2017: LA TIRASPOL VA FI DISCUTAT\u0102 \u201eREVOLU\u0162IA RUS\u0102 DIN 1917 \u00ceN DESTINUL TRANSNISTRIEI, RUSIEI \u015eI LUMII \u00ceNTREGI\u201d"},"content":{"rendered":"<p>Institutul de Cercet\u0103ri Socio-Politice \u0219i Dezvoltare Regional\u0103, \u00een colaborare cu Universitatea Transnistrean\u0103 \u0219i Serviciul pentru managementul documenta\u021biei \u0219i arhivelor al autoproclamatei RMN, va organiza la Tiraspol, \u00een perioada 3-4 noiembrie, conferin\u021ba \u0219tiin\u021bific\u0103 interna\u021bional\u0103 \u201eRevolu\u021bia rus\u0103 din 1917 \u00een destinul Transnistriei, Rusiei \u0219i lumii: istorie \u0219i modernitate\u201d.<\/p>\n<p>Potrivit agen\u0163iei INFOTAG cu referire la organizatori, vor fi discutate subiecte precum \u201eRevolu\u021bia din 1917 \u0219i edificarea statului \u00een sud-vestul Rusiei\u201c, \u201eC\u0103derea Imperiului Rus \u0219i agresiunea \u0163\u0103rilor europene \u00eempotriva popoarelor Basarabiei \u0219i Novorosiei\u201d, \u201eEvenimente revolu\u021bionare din 1917 \u00een memoria istoric\u0103 a Transnistriei\u201d \u0219i \u201eRevolu\u021bia rus\u0103 din 1917 \u00een viziunea tineretului\u201d.<\/p>\n<p>La conferin\u021b\u0103 urmeaz\u0103 s\u0103 participe reprezentan\u021bi ai comunit\u0103\u021bii \u0219tiin\u021bifice din Rusia, Moldova \u0219i Belarus.<\/p>\n<p>Materialele conferin\u021bei vor fi publicate \u00eentr-o culegere \u0219tiin\u021bific\u0103 special\u0103, iar versiunea electronic\u0103 a culegerii va fi disponibil\u0103 publicului.<\/p>\n<p>Sursa:<\/p>\n<p><a href=\"http:\/\/www.infotag.md\/rebelion-ro\/254425\/\">http:\/\/www.infotag.md\/rebelion-ro\/254425\/<\/a><\/p>\n","protected":false},"excerpt":{"rendered":"<p>Institutul de Cercet\u0103ri Socio-Politice \u0219i Dezvoltare Regional\u0103, \u00een colaborare cu Universitatea Transnistrean\u0103 \u0219i Serviciul pentru managementul documenta\u021biei \u0219i arhivelor al autoproclamatei RMN, va organiza la Tiraspol, \u00een perioada 3-4 noiembrie, conferin\u021ba \u0219tiin\u021bific\u0103 interna\u021bional\u0103 \u201eRevolu\u021bia rus\u0103 din 1917 \u00een destinul Transnistriei, Rusiei \u0219i lumii: istorie \u0219i modernitate\u201d. Potrivit agen\u0163iei INFOTAG cu referire la organizatori, vor fi&#8230;<\/p>\n","protected":false},"author":2,"featured_media":0,"comment_status":"closed","ping_status":"open","sticky":false,"template":"","format":"standard","meta":[],"categories":[1],"tags":[],"_links":{"self":[{"href":"https:\/\/centers.ulbsibiu.ro\/ccsprise\/lact\/wp-json\/wp\/v2\/posts\/3619"}],"collection":[{"href":"https:\/\/centers.ulbsibiu.ro\/ccsprise\/lact\/wp-json\/wp\/v2\/posts"}],"about":[{"href":"https:\/\/centers.ulbsibiu.ro\/ccsprise\/lact\/wp-json\/wp\/v2\/types\/post"}],"author":[{"embeddable":true,"href":"https:\/\/centers.ulbsibiu.ro\/ccsprise\/lact\/wp-json\/wp\/v2\/users\/2"}],"replies":[{"embeddable":true,"href":"https:\/\/centers.ulbsibiu.ro\/ccsprise\/lact\/wp-json\/wp\/v2\/comments?post=3619"}],"version-history":[{"count":1,"href":"https:\/\/centers.ulbsibiu.ro\/ccsprise\/lact\/wp-json\/wp\/v2\/posts\/3619\/revisions"}],"predecessor-version":[{"id":3620,"href":"https:\/\/centers.ulbsibiu.ro\/ccsprise\/lact\/wp-json\/wp\/v2\/posts\/3619\/revisions\/3620"}],"wp:attachment":[{"href":"https:\/\/centers.ulbsibiu.ro\/ccsprise\/lact\/wp-json\/wp\/v2\/media?parent=3619"}],"wp:term":[{"taxonomy":"category","embeddable":true,"href":"https:\/\/centers.ulbsibiu.ro\/ccsprise\/lact\/wp-json\/wp\/v2\/categories?post=3619"},{"taxonomy":"post_tag","embeddable":true,"href":"https:\/\/centers.ulbsibiu.ro\/ccsprise\/lact\/wp-json\/wp\/v2\/tags?post=3619"}],"curies":[{"name":"wp","href":"https:\/\/api.w.org\/{rel}","templated":true}]}}