{"id":3615,"date":"2017-10-30T17:45:11","date_gmt":"2017-10-30T15:45:11","guid":{"rendered":"https:\/\/centers.ulbsibiu.ro\/ccsprise\/lact\/?p=3615"},"modified":"2017-10-30T17:45:11","modified_gmt":"2017-10-30T15:45:11","slug":"30-10-2017-o-noua-runda-de-negocieri-in-formatul-52-ar-putea-avea-loc-pana-la-sfarsitul-lunii-noiembrie","status":"publish","type":"post","link":"https:\/\/centers.ulbsibiu.ro\/ccsprise\/lact\/30-10-2017-o-noua-runda-de-negocieri-in-formatul-52-ar-putea-avea-loc-pana-la-sfarsitul-lunii-noiembrie\/","title":{"rendered":"30.10.2017: O nou\u0103 rund\u0103 de negocieri \u00een formatul &#8220;5+2&#8221; ar putea avea loc p\u00e2n\u0103 la sf\u00e2r\u0219itul lunii noiembrie"},"content":{"rendered":"<p><strong>Prim-ministrul Pavel Filip i-a primit ast\u0103zi pe reprezentan\u0163ii mediatorilor \u015fi observatorilor din formatul &#8220;5+2&#8221; \u00een procesul de reglementare a conflictului transnistrean. P\u0103r\u0163ile au trecut \u00een revist\u0103 ultimele evolu\u0163ii privind negocierile \u00een formatul &#8220;5+2&#8221; \u00een contextul preg\u0103tirilor pentru Reuniunea ministerial\u0103 a OSCE de la Viena.<\/strong><\/p>\n<p>Participan\u021bii la dialog au constatat c\u0103 exist\u0103 premise reale pentru convocarea p\u00e2n\u0103 la sf\u00e2r\u0219itul lunii noiembrie a unei noi reuniuni \u00een formatul &#8220;<strong>5+2<\/strong>&#8220;. \u00cen cadrul acesteia urmeaz\u0103 s\u0103 fie actualizat\u0103 agenda de negocieri.<\/p>\n<p>O chestiune \u00een rezolvarea c\u0103reia s-a avansat mult este deschiderea, \u00een timpul apropiat, a podului de la Gura B\u00eecului. De asemenea, au fost \u00eenregistrate progrese \u015fi \u00een ce prive\u015fte apostilarea diplomelor emise de institu\u021biile de \u00eenv\u0103\u021b\u0103m\u00e2nt din regiunea transnistrean\u0103. &#8220;<strong>Este \u00een interesul nostru ca elevii din aceast\u0103 regiune s\u0103-\u0219i poat\u0103 continua studiile oriunde vor ei, inclusiv \u00een Uniunea European\u0103<\/strong>&#8220;, a men\u0163ionat Pavel Filip.<\/p>\n<p>P\u0103r\u021bile s-au referit, de asemenea, la evolu\u021biile privind \u00eenregistrarea automobilelor din regiunea transnistrean\u0103, asigurarea conexiunii telefonice dintre cele dou\u0103 maluri ale r\u00e2ului Nistru, precum \u0219i transportarea produselor \u0219i m\u0103rfurilor pe calea ferat\u0103 prin regiunea transnistrean\u0103.<\/p>\n<p>Prioritare pentru agenda de negocieri r\u0103m\u00e2n a fi \u015fi subiectele ce \u0163in de buna func\u0163ionare a \u0219colilor cu predare \u00een baza grafiei latine, accesul fermierilor din raionul Dub\u0103sari la terenurile agricole situate dup\u0103 traseul Tiraspol \u2013 R\u00e2bni\u021ba \u015fi eliminarea obstacolelor \u00een calea liberei circula\u021bii a persoanelor, bunurilor \u0219i serviciilor \u00eentre cele dou\u0103 maluri ale Nistrului.<\/p>\n<p>\u00cen procesul de negocieri \u00een formatul &#8220;<strong>5+2<\/strong>&#8221; a diferendului transnistrean, \u00een calitate de mediatori \u0219i observatori, sunt implica\u021bi reprezentan\u021bi ai Organiza\u021biei pentru Securitate \u0219i Cooperare \u00een Europa(OSCE), ai Federa\u021biei Ruse, ai Ucrainei, ai Statelor Unite ale Americii \u0219i ai Uniunii Europene.<\/p>\n<p>Cite\u0219te mai mult: <a href=\"https:\/\/www.publika.md\/o-noua-runda-de-negocieri-in-formatul-5-2-ar-putea-avea-loc-pana-la-sfarsitul-lunii-noiembrie_2985124.html#ixzz4x0Tq6e00\">https:\/\/www.publika.md\/o-noua-runda-de-negocieri-in-formatul-5-2-ar-putea-avea-loc-pana-la-sfarsitul-lunii-noiembrie_2985124.html#ixzz4x0Tq6e00<\/a><\/p>\n","protected":false},"excerpt":{"rendered":"<p>Prim-ministrul Pavel Filip i-a primit ast\u0103zi pe reprezentan\u0163ii mediatorilor \u015fi observatorilor din formatul &#8220;5+2&#8221; \u00een procesul de reglementare a conflictului transnistrean. P\u0103r\u0163ile au trecut \u00een revist\u0103 ultimele evolu\u0163ii privind negocierile \u00een formatul &#8220;5+2&#8221; \u00een contextul preg\u0103tirilor pentru Reuniunea ministerial\u0103 a OSCE de la Viena. Participan\u021bii la dialog au constatat c\u0103 exist\u0103 premise reale pentru convocarea&#8230;<\/p>\n","protected":false},"author":2,"featured_media":0,"comment_status":"closed","ping_status":"open","sticky":false,"template":"","format":"standard","meta":[],"categories":[1],"tags":[],"_links":{"self":[{"href":"https:\/\/centers.ulbsibiu.ro\/ccsprise\/lact\/wp-json\/wp\/v2\/posts\/3615"}],"collection":[{"href":"https:\/\/centers.ulbsibiu.ro\/ccsprise\/lact\/wp-json\/wp\/v2\/posts"}],"about":[{"href":"https:\/\/centers.ulbsibiu.ro\/ccsprise\/lact\/wp-json\/wp\/v2\/types\/post"}],"author":[{"embeddable":true,"href":"https:\/\/centers.ulbsibiu.ro\/ccsprise\/lact\/wp-json\/wp\/v2\/users\/2"}],"replies":[{"embeddable":true,"href":"https:\/\/centers.ulbsibiu.ro\/ccsprise\/lact\/wp-json\/wp\/v2\/comments?post=3615"}],"version-history":[{"count":1,"href":"https:\/\/centers.ulbsibiu.ro\/ccsprise\/lact\/wp-json\/wp\/v2\/posts\/3615\/revisions"}],"predecessor-version":[{"id":3616,"href":"https:\/\/centers.ulbsibiu.ro\/ccsprise\/lact\/wp-json\/wp\/v2\/posts\/3615\/revisions\/3616"}],"wp:attachment":[{"href":"https:\/\/centers.ulbsibiu.ro\/ccsprise\/lact\/wp-json\/wp\/v2\/media?parent=3615"}],"wp:term":[{"taxonomy":"category","embeddable":true,"href":"https:\/\/centers.ulbsibiu.ro\/ccsprise\/lact\/wp-json\/wp\/v2\/categories?post=3615"},{"taxonomy":"post_tag","embeddable":true,"href":"https:\/\/centers.ulbsibiu.ro\/ccsprise\/lact\/wp-json\/wp\/v2\/tags?post=3615"}],"curies":[{"name":"wp","href":"https:\/\/api.w.org\/{rel}","templated":true}]}}