{"id":3613,"date":"2017-10-27T19:32:10","date_gmt":"2017-10-27T17:32:10","guid":{"rendered":"https:\/\/centers.ulbsibiu.ro\/ccsprise\/lact\/?p=3613"},"modified":"2017-10-27T19:32:10","modified_gmt":"2017-10-27T17:32:10","slug":"27-10-2017-libera-circulatie-a-reprezentantilor-misiunii-osce-in-moldova-in-atentia-comisiei-unificate-de-control","status":"publish","type":"post","link":"https:\/\/centers.ulbsibiu.ro\/ccsprise\/lact\/27-10-2017-libera-circulatie-a-reprezentantilor-misiunii-osce-in-moldova-in-atentia-comisiei-unificate-de-control\/","title":{"rendered":"27.10.2017: Libera circula\u0163ie a reprezentan\u0163ilor Misiunii OSCE \u00een Moldova \u00een aten\u0163ia Comisiei Unificate de Control"},"content":{"rendered":"<p>La Bender a avut loc \u015fedin\u0163a Comisiei Unificate de Control (CUC), prezidat\u0103 de delega\u021bia transnistrean\u0103, iar \u00een agenda de lucru au fost incluse dou\u0103 subiecte, printre care <strong>\u00eentrebarea organizatoric\u0103 \u015fi raportul Comandamentului Militar \u00centrunit privind situa\u0163ia din Zona de Securitate<\/strong>.<\/p>\n<p>Totodat\u0103, \u00een cadrul chestiunii organizatorice, <strong>CUC<\/strong> s-a adresat c\u0103tre M<strong>isiunea OSCE \u00een Republica Moldova<\/strong>, cu rug\u0103mintea de a examina posibilitatea asigur\u0103rii tehnico-materiale a Comandamentului Militar \u00centrunit, \u00een vederea \u00eembun\u0103t\u0103\u021birii condi\u021biilor de serviciu \u0219i eficientiz\u0103rii activit\u0103\u021bii acestuia.<\/p>\n<p>Concomitent, conduc\u0103torul delega\u0163iei moldovene\u015fti, a cerut explica\u0163ii \u00een leg\u0103tur\u0103 cu practica abuziv\u0103 ale a.n. &#8220;<strong>structuri de gr\u0103niceri<\/strong>&#8221; ale regiunii transnistrene, care solicit\u0103 de la reprezentan\u021bii <strong>Misiunii OSCE<\/strong> documente de identitate pentru verificare \u0219i \u00eenregistrare, \u00een timpul deplas\u0103rii regulamentare a acestora la \u0219edin\u021bele CUC \u0219i prin perimetrul Zonei de Securitate, cu utilizarea mijloacelor de transport dotate cu simbolica corespunz\u0103toare.<\/p>\n<p>\u00cen cadrul discu\u0163iilor s-a men\u021bionat c\u0103 astfel de ac\u0163iuni sunt inacceptabile \u00een raport cu colaboratorii <strong>Misiunii OSCE \u00een Moldova<\/strong>, care sunt reprezenta\u021bi \u0219i particip\u0103 la toate \u0219edin\u021bele CUC, dispun de dreptul de a se deplasa nestingherit prin Zona de Securitate \u0219i \u00ee\u0219i desf\u0103\u0219oar\u0103 activitatea \u00een conformitate cu prevederile documentului semnat la 10 decembrie 2004 ce stabile\u0219te principiile de colaborare dintre <strong>Misiunea OSCE \u0219i CUC \u00een Zona de Securitate.<\/strong> La urm\u0103toarea \u0219edin\u021b\u0103 a Comisiei, Comandamentul Militar \u00centrunit va prezenta propuneri pentru solu\u0163ionarea problemei \u00een cauz\u0103.<\/p>\n<p>De asemenea, CUC a audiat \u015fi aprobat raportul Comandamentului Militar \u00centrunit privind situa\u0163ia s\u0103pt\u0103m\u00e2nal\u0103 \u00een Zona de Securitate.<\/p>\n<p>Cite\u0219te mai mult: <a href=\"https:\/\/www.publika.md\/libera-circulatie-a-reprezentantilor-misiunii-osce-in-moldova-in-atentia-comisiei-unificate-de-control_2984846.html#ixzz4wjN4djwf\">https:\/\/www.publika.md\/libera-circulatie-a-reprezentantilor-misiunii-osce-in-moldova-in-atentia-comisiei-unificate-de-control_2984846.html#ixzz4wjN4djwf<\/a><\/p>\n","protected":false},"excerpt":{"rendered":"<p>La Bender a avut loc \u015fedin\u0163a Comisiei Unificate de Control (CUC), prezidat\u0103 de delega\u021bia transnistrean\u0103, iar \u00een agenda de lucru au fost incluse dou\u0103 subiecte, printre care \u00eentrebarea organizatoric\u0103 \u015fi raportul Comandamentului Militar \u00centrunit privind situa\u0163ia din Zona de Securitate. Totodat\u0103, \u00een cadrul chestiunii organizatorice, CUC s-a adresat c\u0103tre Misiunea OSCE \u00een Republica Moldova, cu&#8230;<\/p>\n","protected":false},"author":2,"featured_media":0,"comment_status":"closed","ping_status":"open","sticky":false,"template":"","format":"standard","meta":[],"categories":[1],"tags":[],"_links":{"self":[{"href":"https:\/\/centers.ulbsibiu.ro\/ccsprise\/lact\/wp-json\/wp\/v2\/posts\/3613"}],"collection":[{"href":"https:\/\/centers.ulbsibiu.ro\/ccsprise\/lact\/wp-json\/wp\/v2\/posts"}],"about":[{"href":"https:\/\/centers.ulbsibiu.ro\/ccsprise\/lact\/wp-json\/wp\/v2\/types\/post"}],"author":[{"embeddable":true,"href":"https:\/\/centers.ulbsibiu.ro\/ccsprise\/lact\/wp-json\/wp\/v2\/users\/2"}],"replies":[{"embeddable":true,"href":"https:\/\/centers.ulbsibiu.ro\/ccsprise\/lact\/wp-json\/wp\/v2\/comments?post=3613"}],"version-history":[{"count":1,"href":"https:\/\/centers.ulbsibiu.ro\/ccsprise\/lact\/wp-json\/wp\/v2\/posts\/3613\/revisions"}],"predecessor-version":[{"id":3614,"href":"https:\/\/centers.ulbsibiu.ro\/ccsprise\/lact\/wp-json\/wp\/v2\/posts\/3613\/revisions\/3614"}],"wp:attachment":[{"href":"https:\/\/centers.ulbsibiu.ro\/ccsprise\/lact\/wp-json\/wp\/v2\/media?parent=3613"}],"wp:term":[{"taxonomy":"category","embeddable":true,"href":"https:\/\/centers.ulbsibiu.ro\/ccsprise\/lact\/wp-json\/wp\/v2\/categories?post=3613"},{"taxonomy":"post_tag","embeddable":true,"href":"https:\/\/centers.ulbsibiu.ro\/ccsprise\/lact\/wp-json\/wp\/v2\/tags?post=3613"}],"curies":[{"name":"wp","href":"https:\/\/api.w.org\/{rel}","templated":true}]}}