{"id":3597,"date":"2017-10-23T17:53:23","date_gmt":"2017-10-23T15:53:23","guid":{"rendered":"https:\/\/centers.ulbsibiu.ro\/ccsprise\/lact\/?p=3597"},"modified":"2017-10-23T17:53:23","modified_gmt":"2017-10-23T15:53:23","slug":"23-10-2017-berlin-economics-recomanda-autoritatilor-transnistrene-sa-ajusteze-veniturile-si-cheltuielile","status":"publish","type":"post","link":"https:\/\/centers.ulbsibiu.ro\/ccsprise\/lact\/23-10-2017-berlin-economics-recomanda-autoritatilor-transnistrene-sa-ajusteze-veniturile-si-cheltuielile\/","title":{"rendered":"23.10.2017: \u201eBERLIN ECONOMICS\u201d RECOMAND\u0102 AUTORIT\u0102\u0162ILOR TRANSNISTRENE S\u0102 AJUSTEZE VENITURILE \u015eI CHELTUIELILE"},"content":{"rendered":"<p>Principala problem\u0103 a Transnistriei const\u0103 \u00een faptul c\u0103 cheltuielile dep\u0103\u015fesc cu mult veniturile, iar din acest motiv, sarcina principal\u0103 este de a ajusta partea de venituri \u015fi cea de cheltuieli ale bugetului. Aceast\u0103 opinie a fost exprimat\u0103 de reprezentantul Grupului german de consultan\u0163\u0103 \u201eBerlin economics\u201d, Jorg Radeke, la \u00eentrevederea de vineri, la Tiraspol, cu \u015feful comisiei parlamentare pentru politic\u0103 economic\u0103, buget \u015fi finan\u0163e, Alexandr Kor\u015funov.<\/p>\n<p>Potrivit agen\u0163iei INFOTAG cu referire la site-ul Sovietului Suprem al autoproclamatei RMN, managerul proiectului \u201eDialog \u00een domeniul politicii economice \u00een Transnistria\u201d a spus c\u0103 situa\u021bia economic\u0103 din Transnistria este \u201edestul de complicat\u0103\u201d.<\/p>\n<p>El a afirmat c\u0103 grupul a f\u0103cut o evaluare a indicatorilor macroeconomici \u00een Transnistria, \u00een special a consecin\u021belor fiscale ale anul\u0103rii taxelor de import.<\/p>\n<p>\u201ePe termen scurt, eliminarea taxelor vamale va duce la anumite pierderi ale veniturilor bugetare. Cu toate acestea, \u00een viitor, acest lucru va avea un rezultat pozitiv. Liberalizarea economiei, comer\u021bul liber sunt pa\u0219i pozitivi pentru stabilizarea situa\u021biei\u201d, consider\u0103 expertul.<\/p>\n<p>El a spus c\u0103 dimensiunea actual\u0103 a activit\u0103\u0163ii \u201eBerlin economics\u201d este monitorizarea finan\u021belor publice, iar la final exper\u021bii vor face analiza cheltuielilor publice, vor oferi recomand\u0103ri pentru \u00eembun\u0103t\u0103\u021birea situa\u021biei din republic\u0103\u201d<\/p>\n<p>INFOTAG precizeaz\u0103: Deficitul bugetar al regiunii constituie 25% din PIB \u0219i este acoperit \u00een principal din ajutoarele ruse\u0219ti.<\/p>\n<p>Sursa:<\/p>\n<p><a href=\"http:\/\/www.infotag.md\/rebelion-ro\/253933\/\">http:\/\/www.infotag.md\/rebelion-ro\/253933\/<\/a><\/p>\n","protected":false},"excerpt":{"rendered":"<p>Principala problem\u0103 a Transnistriei const\u0103 \u00een faptul c\u0103 cheltuielile dep\u0103\u015fesc cu mult veniturile, iar din acest motiv, sarcina principal\u0103 este de a ajusta partea de venituri \u015fi cea de cheltuieli ale bugetului. Aceast\u0103 opinie a fost exprimat\u0103 de reprezentantul Grupului german de consultan\u0163\u0103 \u201eBerlin economics\u201d, Jorg Radeke, la \u00eentrevederea de vineri, la Tiraspol, cu \u015feful&#8230;<\/p>\n","protected":false},"author":2,"featured_media":0,"comment_status":"closed","ping_status":"open","sticky":false,"template":"","format":"standard","meta":[],"categories":[1],"tags":[],"_links":{"self":[{"href":"https:\/\/centers.ulbsibiu.ro\/ccsprise\/lact\/wp-json\/wp\/v2\/posts\/3597"}],"collection":[{"href":"https:\/\/centers.ulbsibiu.ro\/ccsprise\/lact\/wp-json\/wp\/v2\/posts"}],"about":[{"href":"https:\/\/centers.ulbsibiu.ro\/ccsprise\/lact\/wp-json\/wp\/v2\/types\/post"}],"author":[{"embeddable":true,"href":"https:\/\/centers.ulbsibiu.ro\/ccsprise\/lact\/wp-json\/wp\/v2\/users\/2"}],"replies":[{"embeddable":true,"href":"https:\/\/centers.ulbsibiu.ro\/ccsprise\/lact\/wp-json\/wp\/v2\/comments?post=3597"}],"version-history":[{"count":1,"href":"https:\/\/centers.ulbsibiu.ro\/ccsprise\/lact\/wp-json\/wp\/v2\/posts\/3597\/revisions"}],"predecessor-version":[{"id":3598,"href":"https:\/\/centers.ulbsibiu.ro\/ccsprise\/lact\/wp-json\/wp\/v2\/posts\/3597\/revisions\/3598"}],"wp:attachment":[{"href":"https:\/\/centers.ulbsibiu.ro\/ccsprise\/lact\/wp-json\/wp\/v2\/media?parent=3597"}],"wp:term":[{"taxonomy":"category","embeddable":true,"href":"https:\/\/centers.ulbsibiu.ro\/ccsprise\/lact\/wp-json\/wp\/v2\/categories?post=3597"},{"taxonomy":"post_tag","embeddable":true,"href":"https:\/\/centers.ulbsibiu.ro\/ccsprise\/lact\/wp-json\/wp\/v2\/tags?post=3597"}],"curies":[{"name":"wp","href":"https:\/\/api.w.org\/{rel}","templated":true}]}}