{"id":3594,"date":"2017-10-23T17:48:49","date_gmt":"2017-10-23T15:48:49","guid":{"rendered":"https:\/\/centers.ulbsibiu.ro\/ccsprise\/lact\/?p=3594"},"modified":"2017-10-23T17:50:07","modified_gmt":"2017-10-23T15:50:07","slug":"23-10-2017-descoperirea-unei-locuitoare-din-transnistria-mii-de-morti-in-centrul-tiraspolului","status":"publish","type":"post","link":"https:\/\/centers.ulbsibiu.ro\/ccsprise\/lact\/23-10-2017-descoperirea-unei-locuitoare-din-transnistria-mii-de-morti-in-centrul-tiraspolului\/","title":{"rendered":"23.10.2017: DESCOPERIREA unei locuitoare din Transnistria: Mii de MOR\u021aI \u00een centrul Tiraspolului"},"content":{"rendered":"<p><b><i>Patru sute treizeci \u0219i cinci de cadavre descoperite recent \u00een c\u00e2teva gropi comune din centrul Tiraspolului urmeaz\u0103 a fi \u00eenhumate cre\u0219tine\u0219te pe 30 octombrie curent<\/i><\/b><\/p>\n<p>Svetlana B., o simpl\u0103 enoria\u0219\u0103 din Transnistria, a contribuit la o descoperire istoric\u0103 \u00een Tiraspol. Acum trei ani, aceasta a venit la Chi\u0219in\u0103u \u0219i l-a c\u0103utat pe istoricul Ion Varta, directorul Serviciului de Stat de Arhiv\u0103 al R. Moldova, pentru a-i cere volumele \u201eAsasin\u0103rile \u00een mas\u0103 din RASS Moldoveneasc\u0103 \u00een perioada Marii Terori (1937-1938)\u201d. Este vorba de c\u0103r\u021bile I \u0219i II dintr-o serie cu cinci volume, celelalte trei fiind \u00een curs de apari\u021bie.<\/p>\n<p>La acea \u00eent\u00e2lnire, istoricul a \u00eendemnat femeia s\u0103 mearg\u0103 \u00een Transnistria ca s\u0103 g\u0103seasc\u0103 b\u0103tr\u00e2ni, martori oculari ai ororilor descoperite \u00een materialele de arhiv\u0103 \u0219i s\u0103-\u0219i aminteasc\u0103 unde au fost \u00eengropa\u021bi, \u00een anii 1937 \u2013 1938, circa 5 000 de oameni nevinova\u021bi, \u00eempu\u0219ca\u021bi \u00een ceaf\u0103 numai pentru c\u0103 erau considera\u021bi du\u0219manii URSS.<\/p>\n<p>\u201eA g\u0103sit martori care i-au ar\u0103tat locul. A mers acolo, a dat cu piciorul \u0219i\u2026 oasele erau practic la suprafa\u021b\u0103. Aceste gropi comune se afl\u0103 la un kilometru \u0219i jum\u0103tate distan\u021b\u0103 de monumentul lui Suvorov, sunt practic \u00een centrul Tiraspolului\u201d, a declarat pentru Ziarul NA\u021aIONAL Ion Varta.<\/p>\n<p><img class=\"aligncenter\" src=\"http:\/\/www.ziarulnational.md\/asas.jpg\" alt=\"\" \/><br \/>\n<ins class=\"adsbygoogle\" data-ad-layout=\"in-article\" data-ad-format=\"fluid\" data-ad-client=\"ca-pub-8819619377572069\" data-ad-slot=\"1828436003\"><\/ins><\/p>\n<p>Doamna Svetlana a mers la \u201eMuzeul Natal\u201d din Tiraspol, iar \u0219efa acestei institu\u021bii \u0219i adjuncta ei s-au apucat de treab\u0103. Au alertat a\u0219a-zisele autorit\u0103\u021bi ale Transnistriei \u0219i p\u00e2n\u0103 acum au fost descoperite 435 de cadavre din cele 5 000 care trebuie s\u0103 se afle \u00een raza gropilor comune descoperite.<\/p>\n<p>\u201eLuni, pe 30 octombrie, sunt invitat ca istoric la serviciul divin de \u00eenhumare a cadavrelor descoperite \u00een acele gropi comune\u201d, ne spune Ion Varta.<\/p>\n<p>Ion Varta, care a semnat volumul \u201eAsasin\u0103rile \u00een mas\u0103 din RASS Moldoveneasc\u0103 \u00een perioada Marii Terori (1937-1938)\u201d al\u0103turi de Tatiana Varta \u0219i Igor \u0218arov, a studiat documente desecretizate din arhivele MAI \u0219i SIS ale Republicii Moldova despre masacrul din municipiul Tiraspol unde mai mul\u021bi oameni au fost uci\u0219i \u0219i \u00eengropa\u021bi \u00een morminte comune.<\/p>\n<p>\u201eLa Tiraspol era o <em>troik\u0103<\/em> special\u0103, din care f\u0103ceau parte primul secretar, procurorul \u0219i \u0219eful NKVD-ului din RASSM, care \u00eei trimitea la moarte pe oamenii nevinova\u021bi, iar documentele erau semnate de la distan\u021b\u0103, de la Moscova, de Nicolai Ejov \u0219i \u0219eful NKVD-ului, Andrei V\u00e2\u0219inski. Avem lista complet\u0103 a celor 5 000 de oameni \u00eempu\u0219ca\u021bi \u2013 basarabeni, sute de etnici polonezi \u0219i germani. Un analfabet, de exemplu, a fost \u00eempu\u0219cat, fiind b\u0103nuit c\u0103 f\u0103cea spionaj \u00een favoarea Rom\u00e2niei \u0219i Germaniei. Sau dac\u0103 mo\u0219 Ion comunica, de exemplu, cu ginerele s\u0103u de pe malul drept al Nistrului \u0219i \u00eel \u00eentreba dac\u0103 i-a f\u0103tat vaca, gata, era \u00eenvinuit c\u0103 f\u0103cea spionaj \u00een favoarea Rom\u00e2niei. Au fost \u00eempu\u0219cate \u0219i ni\u0219te c\u0103lug\u0103ri\u021be. De regul\u0103, acestea erau motivele \u2013 atitudine antisovietic\u0103, c\u0103 au vorbit de r\u0103u puterea sovietic\u0103 etc.\u201d, rememoreaz\u0103 istoricul Ion Varta.<\/p>\n<p>Potrivit directorului Serviciului de Stat de Arhiv\u0103, Ambasadele Poloniei \u0219i Germaniei \u00een R. Moldova s-au ar\u0103tat interesate s\u0103 finan\u021beze construc\u021bia unui memorial la Tiraspol, \u00een memoria victimelor regimului stalinist, pe locul gropilor comune \u00een care au fost \u00eengropa\u021bi inclusiv etnici germani \u0219i polonezi.<\/p>\n<p>Sursa:<\/p>\n<p>http:\/\/www.ziarulnational.md\/descoperirea-unei-locuitoare-din-transnistria-mii-de-morti-in-centrul-tiraspolului\/<\/p>\n","protected":false},"excerpt":{"rendered":"<p>Patru sute treizeci \u0219i cinci de cadavre descoperite recent \u00een c\u00e2teva gropi comune din centrul Tiraspolului urmeaz\u0103 a fi \u00eenhumate cre\u0219tine\u0219te pe 30 octombrie curent Svetlana B., o simpl\u0103 enoria\u0219\u0103 din Transnistria, a contribuit la o descoperire istoric\u0103 \u00een Tiraspol. Acum trei ani, aceasta a venit la Chi\u0219in\u0103u \u0219i l-a c\u0103utat pe istoricul Ion Varta,&#8230;<\/p>\n","protected":false},"author":2,"featured_media":0,"comment_status":"closed","ping_status":"open","sticky":false,"template":"","format":"standard","meta":[],"categories":[1],"tags":[],"_links":{"self":[{"href":"https:\/\/centers.ulbsibiu.ro\/ccsprise\/lact\/wp-json\/wp\/v2\/posts\/3594"}],"collection":[{"href":"https:\/\/centers.ulbsibiu.ro\/ccsprise\/lact\/wp-json\/wp\/v2\/posts"}],"about":[{"href":"https:\/\/centers.ulbsibiu.ro\/ccsprise\/lact\/wp-json\/wp\/v2\/types\/post"}],"author":[{"embeddable":true,"href":"https:\/\/centers.ulbsibiu.ro\/ccsprise\/lact\/wp-json\/wp\/v2\/users\/2"}],"replies":[{"embeddable":true,"href":"https:\/\/centers.ulbsibiu.ro\/ccsprise\/lact\/wp-json\/wp\/v2\/comments?post=3594"}],"version-history":[{"count":2,"href":"https:\/\/centers.ulbsibiu.ro\/ccsprise\/lact\/wp-json\/wp\/v2\/posts\/3594\/revisions"}],"predecessor-version":[{"id":3596,"href":"https:\/\/centers.ulbsibiu.ro\/ccsprise\/lact\/wp-json\/wp\/v2\/posts\/3594\/revisions\/3596"}],"wp:attachment":[{"href":"https:\/\/centers.ulbsibiu.ro\/ccsprise\/lact\/wp-json\/wp\/v2\/media?parent=3594"}],"wp:term":[{"taxonomy":"category","embeddable":true,"href":"https:\/\/centers.ulbsibiu.ro\/ccsprise\/lact\/wp-json\/wp\/v2\/categories?post=3594"},{"taxonomy":"post_tag","embeddable":true,"href":"https:\/\/centers.ulbsibiu.ro\/ccsprise\/lact\/wp-json\/wp\/v2\/tags?post=3594"}],"curies":[{"name":"wp","href":"https:\/\/api.w.org\/{rel}","templated":true}]}}