{"id":3592,"date":"2017-10-21T17:48:15","date_gmt":"2017-10-21T15:48:15","guid":{"rendered":"https:\/\/centers.ulbsibiu.ro\/ccsprise\/lact\/?p=3592"},"modified":"2017-10-21T17:48:15","modified_gmt":"2017-10-21T15:48:15","slug":"21-10-2017-reprezentantul-special-al-ucrainei-a-avut-intrevederi-la-chisinau-si-tiraspol-privind-problematica-transnistreana","status":"publish","type":"post","link":"https:\/\/centers.ulbsibiu.ro\/ccsprise\/lact\/21-10-2017-reprezentantul-special-al-ucrainei-a-avut-intrevederi-la-chisinau-si-tiraspol-privind-problematica-transnistreana\/","title":{"rendered":"21.10.2017: REPREZENTANTUL SPECIAL AL UCRAINEI A AVUT \u00ceNTREVEDERI LA CHI\u015eIN\u0102U \u015eI TIRASPOL PRIVIND PROBLEMATICA TRANSNISTREAN\u0102"},"content":{"rendered":"<p>Reprezentantul special al Ucrainei pentru reglementarea conflictului transnistrean, Victor Krijanovski, a efectuat \u00een ajun o vizit\u0103 la Chi\u015fin\u0103u \u015fi Tiraspol \u015fi a discutat cu reprezentan\u0163ii Moldovei \u015fi ai autoproclamatei RMN despre problematica transnistrean\u0103.<\/p>\n<p>Potrivit agen\u0163iei INFOTAG, viceministrul Afacerilor Externe \u015fi Integr\u0103rii Europene, Lilian Darii, a men\u021bionat la \u00eentrevederea cu diplomatul \u201edeschiderea autorit\u0103\u021bilor moldovene\u0219ti pentru identificarea unei solu\u021bii viabile cu respectarea suveranit\u0103\u021bii \u015fi integrit\u0103\u021bii teritoriale a Republicii Moldova, cu acordarea unui statut special pentru regiunea transnistrean\u0103\u201d. Totodat\u0103, oficialul moldovean a reiterat pozi\u021bia Republicii Moldova cu privire la necesitatea retragerii trupelor \u015fi muni\u021biilor ruse\u0219ti dislocate \u00een st\u00e2nga Nistrului.<\/p>\n<p>Viceprim-ministrul pentru Reintegrare, Gheorghe B\u0103lan, a trecut \u00een agend\u0103 problemele majore de pe agenda negocierilor \u015fi abord\u0103rile Chi\u015fin\u0103ului pe marginea acestora, printre care: asigurarea condi\u0163iilor necesare pentru buna func\u0163ionare a \u015fcolilor moldovene\u015fti cu predare \u00een grafia latin\u0103 din regiunea transnistrean\u0103; deblocarea accesului fermierilor din raionul Dub\u0103sari la terenurile agricole amplasate dup\u0103 traseul R\u00e2bni\u021ba-Tiraspol; necesitatea elimin\u0103rii obstacolelor artificiale din calea liberei circula\u0163ii \u00eentre cele dou\u0103 maluri ale Nistrului; deschiderea podului peste r\u00e2ul Nistru dintre localit\u0103\u0163ile Gura B\u00e2cului \u015fi B\u00e2cioc.<\/p>\n<p>Totodat\u0103, viceprim-ministrul a reiterat importan\u021ba solu\u021bion\u0103rii acestor probleme, fapt ce va contribui la cre\u0219terea \u00eencrederii \u00eentre ambele maluri ale Nistrului.<\/p>\n<p>Oficialul ucrainean a accentuat deschiderea \u0163\u0103rii sale pentru dinamizarea procesului de negocieri pentru reglementarea transnistrean\u0103 \u00een cadrul platformelor existente.<\/p>\n<p>La Tiraspol, Victor Krijanovski a fost primit de pre\u015fedintele transnistrean, Vadim Krasnoselski, care a comunicat c\u0103 Transnistria este dispus\u0103 s\u0103 deschis\u0103 podul peste Nistru \u00een apropiere de localit\u0103\u0163ile Gura B\u00e2cului \u015fi B\u00e2cioc, dar cu condi\u0163ia c\u0103 acesta nu va fi folosit \u00een scopuri militare.<\/p>\n<p>Krijanovski a vorbit despre vizita sa recent\u0103 la Viena, despre planurile de a vizita Bruxelles-ul, despre \u00eentrevederile din Moldova, iar acum \u015fi de la Tiraspol pentru a discuta \u201eun \u015fir de aspecte ale preg\u0103tirii pentru \u015fedin\u0163a Consiliului mini\u015ftrilor de externe ai OSCE\u201d.<\/p>\n<p>\u201eDin c\u00e2te am \u00een\u021beles din comunicarea noastr\u0103 cu reprezentantul special al OSCE, Wolf Dietrich Haim, Pre\u0219edin\u021bia austriac\u0103 este interesat\u0103 s\u0103 ob\u021bin\u0103 un anumit rezultat \u00een procesul de negocieri p\u00e2n\u0103 la sf\u00e2r\u0219itul anului. Ei studiaz\u0103 ce aspecte pot fi avansate. Adoptarea unor documente concrete ar demonstra c\u0103 procesul de reglementare se desf\u0103\u015foar\u0103 totu\u015fi, chiar dac\u0103 \u00eencet\u201d, a spus el.<\/p>\n<p>Sursa:<\/p>\n<p><a href=\"http:\/\/www.infotag.md\/rebelion-ro\/253879\/\">http:\/\/www.infotag.md\/rebelion-ro\/253879\/<\/a><\/p>\n","protected":false},"excerpt":{"rendered":"<p>Reprezentantul special al Ucrainei pentru reglementarea conflictului transnistrean, Victor Krijanovski, a efectuat \u00een ajun o vizit\u0103 la Chi\u015fin\u0103u \u015fi Tiraspol \u015fi a discutat cu reprezentan\u0163ii Moldovei \u015fi ai autoproclamatei RMN despre problematica transnistrean\u0103. Potrivit agen\u0163iei INFOTAG, viceministrul Afacerilor Externe \u015fi Integr\u0103rii Europene, Lilian Darii, a men\u021bionat la \u00eentrevederea cu diplomatul \u201edeschiderea autorit\u0103\u021bilor moldovene\u0219ti pentru identificarea&#8230;<\/p>\n","protected":false},"author":2,"featured_media":0,"comment_status":"closed","ping_status":"open","sticky":false,"template":"","format":"standard","meta":[],"categories":[1],"tags":[],"_links":{"self":[{"href":"https:\/\/centers.ulbsibiu.ro\/ccsprise\/lact\/wp-json\/wp\/v2\/posts\/3592"}],"collection":[{"href":"https:\/\/centers.ulbsibiu.ro\/ccsprise\/lact\/wp-json\/wp\/v2\/posts"}],"about":[{"href":"https:\/\/centers.ulbsibiu.ro\/ccsprise\/lact\/wp-json\/wp\/v2\/types\/post"}],"author":[{"embeddable":true,"href":"https:\/\/centers.ulbsibiu.ro\/ccsprise\/lact\/wp-json\/wp\/v2\/users\/2"}],"replies":[{"embeddable":true,"href":"https:\/\/centers.ulbsibiu.ro\/ccsprise\/lact\/wp-json\/wp\/v2\/comments?post=3592"}],"version-history":[{"count":1,"href":"https:\/\/centers.ulbsibiu.ro\/ccsprise\/lact\/wp-json\/wp\/v2\/posts\/3592\/revisions"}],"predecessor-version":[{"id":3593,"href":"https:\/\/centers.ulbsibiu.ro\/ccsprise\/lact\/wp-json\/wp\/v2\/posts\/3592\/revisions\/3593"}],"wp:attachment":[{"href":"https:\/\/centers.ulbsibiu.ro\/ccsprise\/lact\/wp-json\/wp\/v2\/media?parent=3592"}],"wp:term":[{"taxonomy":"category","embeddable":true,"href":"https:\/\/centers.ulbsibiu.ro\/ccsprise\/lact\/wp-json\/wp\/v2\/categories?post=3592"},{"taxonomy":"post_tag","embeddable":true,"href":"https:\/\/centers.ulbsibiu.ro\/ccsprise\/lact\/wp-json\/wp\/v2\/tags?post=3592"}],"curies":[{"name":"wp","href":"https:\/\/api.w.org\/{rel}","templated":true}]}}