{"id":3590,"date":"2017-10-20T20:22:09","date_gmt":"2017-10-20T18:22:09","guid":{"rendered":"https:\/\/centers.ulbsibiu.ro\/ccsprise\/lact\/?p=3590"},"modified":"2017-10-20T20:22:09","modified_gmt":"2017-10-20T18:22:09","slug":"20-10-2017-in-cadrul-comisiei-unificate-de-control-s-a-punctat-necesitatea-de-a-fi-evitate-mesajele-de-propaganda-mediatica","status":"publish","type":"post","link":"https:\/\/centers.ulbsibiu.ro\/ccsprise\/lact\/20-10-2017-in-cadrul-comisiei-unificate-de-control-s-a-punctat-necesitatea-de-a-fi-evitate-mesajele-de-propaganda-mediatica\/","title":{"rendered":"20.10.2017: \u00cen cadrul Comisiei Unificate de Control s-a punctat necesitatea de a fi evitate mesajele de propagand\u0103 mediatic\u0103"},"content":{"rendered":"<p>La 19 octombrie curent, \u00een or. Bender, s-a desf\u0103\u015furat \u015fedin\u0163a Comisiei Unificate de Control (CUC), prezidat\u0103 de delega\u0163ia Federa\u0163iei Ruse.<\/p>\n<p>Ordinea de zi a \u015fedin\u0163ei a cuprins dou\u0103 subiecte: chestiuni organizatorice \u015fi raportul Comandamentului Militar \u00centrunit (CM\u00ce) privind situa\u0163ia din Zona de Securitate.<\/p>\n<p>La compartimentul organizatoric, la solicitarea Misiunii OSCE \u00een Republica Moldova, CUC l-a aprobat pe colonelul \u00een rezerv\u0103 Aman Akhmetzhakov \u00een pozi\u021bia de consilier pe probleme militare.<\/p>\n<p>Ulterior, CUC a audiat \u015fi aprobat raportul CM\u00ce privind situa\u0163ia \u00een Zona de Securitate din perioada 12.10.2017 \u2013 17.10.2017, apreciind-o drept stabil\u0103.<\/p>\n<p>\u00cen cadrul discu\u0163iilor din nou a fost reiterat\u0103 necesitatea aprob\u0103rii rapoartelor CM\u00ce pentru perioada august-septembrie curent, importan\u0163a eficientiz\u0103rii mecanismelor de pacificare \u015fi de \u00eent\u0103rire a \u00eencrederii \u00een Zona de Securitate \u015fi \u00een cadrul CUC.<\/p>\n<p>O aten\u0163ie deosebit\u0103 s-a acordat necesit\u0103\u0163ii p\u0103r\u0163ilor de a se ab\u0163ine de la difuzarea \u00een mass-media a materialelor propagandistice.<\/p>\n<p>Urm\u0103toarea \u015fedin\u0163\u0103 a CUC va avea loc pe data de 26 octombrie 2017.<\/p>\n<p>&nbsp;<\/p>\n<p><strong>Delega\u0163ia Republicii Moldova \u00een CUC<\/strong><\/p>\n<p>&nbsp;<\/p>\n<p>Sursa:<\/p>\n<p>http:\/\/gov.md\/ro\/content\/cadrul-comisiei-unificate-de-control-s-punctat-necesitatea-de-fi-evitate-mesajele-de<\/p>\n","protected":false},"excerpt":{"rendered":"<p>La 19 octombrie curent, \u00een or. Bender, s-a desf\u0103\u015furat \u015fedin\u0163a Comisiei Unificate de Control (CUC), prezidat\u0103 de delega\u0163ia Federa\u0163iei Ruse. Ordinea de zi a \u015fedin\u0163ei a cuprins dou\u0103 subiecte: chestiuni organizatorice \u015fi raportul Comandamentului Militar \u00centrunit (CM\u00ce) privind situa\u0163ia din Zona de Securitate. La compartimentul organizatoric, la solicitarea Misiunii OSCE \u00een Republica Moldova, CUC l-a&#8230;<\/p>\n","protected":false},"author":2,"featured_media":0,"comment_status":"closed","ping_status":"open","sticky":false,"template":"","format":"standard","meta":[],"categories":[1],"tags":[],"_links":{"self":[{"href":"https:\/\/centers.ulbsibiu.ro\/ccsprise\/lact\/wp-json\/wp\/v2\/posts\/3590"}],"collection":[{"href":"https:\/\/centers.ulbsibiu.ro\/ccsprise\/lact\/wp-json\/wp\/v2\/posts"}],"about":[{"href":"https:\/\/centers.ulbsibiu.ro\/ccsprise\/lact\/wp-json\/wp\/v2\/types\/post"}],"author":[{"embeddable":true,"href":"https:\/\/centers.ulbsibiu.ro\/ccsprise\/lact\/wp-json\/wp\/v2\/users\/2"}],"replies":[{"embeddable":true,"href":"https:\/\/centers.ulbsibiu.ro\/ccsprise\/lact\/wp-json\/wp\/v2\/comments?post=3590"}],"version-history":[{"count":1,"href":"https:\/\/centers.ulbsibiu.ro\/ccsprise\/lact\/wp-json\/wp\/v2\/posts\/3590\/revisions"}],"predecessor-version":[{"id":3591,"href":"https:\/\/centers.ulbsibiu.ro\/ccsprise\/lact\/wp-json\/wp\/v2\/posts\/3590\/revisions\/3591"}],"wp:attachment":[{"href":"https:\/\/centers.ulbsibiu.ro\/ccsprise\/lact\/wp-json\/wp\/v2\/media?parent=3590"}],"wp:term":[{"taxonomy":"category","embeddable":true,"href":"https:\/\/centers.ulbsibiu.ro\/ccsprise\/lact\/wp-json\/wp\/v2\/categories?post=3590"},{"taxonomy":"post_tag","embeddable":true,"href":"https:\/\/centers.ulbsibiu.ro\/ccsprise\/lact\/wp-json\/wp\/v2\/tags?post=3590"}],"curies":[{"name":"wp","href":"https:\/\/api.w.org\/{rel}","templated":true}]}}