{"id":3586,"date":"2017-10-19T19:53:59","date_gmt":"2017-10-19T17:53:59","guid":{"rendered":"https:\/\/centers.ulbsibiu.ro\/ccsprise\/lact\/?p=3586"},"modified":"2017-10-19T19:53:59","modified_gmt":"2017-10-19T17:53:59","slug":"19-10-2017-transnistria-s-a-plans-uniunii-europene-de-restrictii-din-partea-moldovei","status":"publish","type":"post","link":"https:\/\/centers.ulbsibiu.ro\/ccsprise\/lact\/19-10-2017-transnistria-s-a-plans-uniunii-europene-de-restrictii-din-partea-moldovei\/","title":{"rendered":"19.10.2017: TRANSNISTRIA S-A PL\u00c2NS UNIUNII EUROPENE DE RESTRIC\u0162II DIN PARTEA MOLDOVEI"},"content":{"rendered":"<p>Transnistria este interesat\u0103 \u00een extinderea rela\u0163iilor comerciale cu Uniunea European\u0103. O declara\u0163ie \u00een acest sens a f\u0103cut pre\u015fedintele guvernului autoproclamatei RMN, Alexandr Mart\u00eenov, care s-a \u00eent\u00e2lnit \u00een ajun cu o delega\u0163ie a UE, condus\u0103 de \u015feful de unitate din cadrul Directoratului general pentru Comer\u021b al Comisiei Europene, Petros Sourmelis.<\/p>\n<p>Potrivit agen\u0163iei INFOTAG cu referire la site-ul executivului transnistrean, la \u00eentrevedere a fost abordat\u0103 \u201esitua\u0163ia actual\u0103 a cooper\u0103rii comercial-economice \u00eentre Transnistria \u015fi Uniunea European\u0103, precum \u015fi problemele cu care se confrunt\u0103 \u00eentreprinderile transnistrene la exportul produc\u0163iei pe pie\u0163e UE\u201d.<\/p>\n<p>\u201eSuntem interesa\u021bi s\u0103 men\u021binem aceste rela\u021bii \u0219i s\u0103 extindem cooperarea comercial\u0103 cu Uniunea European\u0103. Vorbesc at\u00e2t din partea guvernului, c\u00e2t \u0219i din partea antreprenorilor transnistreni\u201d, a spus premierul.<\/p>\n<p>Pre\u0219edintele Uniunii Industri\u0219tilor \u0219i Agrarienilor din regiune, Iurie Ceban, a atras aten\u021bia asupra restric\u0163iilor impuse \u00een activitatea de politic\u0103 extern\u0103 a Transnistriei de c\u0103tre vecini \u2013 Moldova \u0219i Ucraina. Printre acestea el a men\u0163ionat instituirea controlului comun moldo-ucrainean la punctul de trece \u201eCuciurgan\u201d. Totodat\u0103, el sus\u0163ine c\u0103 autorit\u0103\u021bile vamale din RM au adoptat o serie de m\u0103suri restrictive unilaterale, \u00een urma c\u0103rora \u201eagen\u021bii economici din Transnistria se confrunt\u0103 cu administrarea discriminatorie fa\u0163\u0103 cerin\u021bele de import, export \u0219i tranzit de m\u0103rfuri\u201d.<\/p>\n<p>Sursa:<\/p>\n<p><a href=\"http:\/\/www.infotag.md\/rebelion-ro\/253790\/\">http:\/\/www.infotag.md\/rebelion-ro\/253790\/<\/a><\/p>\n","protected":false},"excerpt":{"rendered":"<p>Transnistria este interesat\u0103 \u00een extinderea rela\u0163iilor comerciale cu Uniunea European\u0103. O declara\u0163ie \u00een acest sens a f\u0103cut pre\u015fedintele guvernului autoproclamatei RMN, Alexandr Mart\u00eenov, care s-a \u00eent\u00e2lnit \u00een ajun cu o delega\u0163ie a UE, condus\u0103 de \u015feful de unitate din cadrul Directoratului general pentru Comer\u021b al Comisiei Europene, Petros Sourmelis. Potrivit agen\u0163iei INFOTAG cu referire la&#8230;<\/p>\n","protected":false},"author":2,"featured_media":0,"comment_status":"closed","ping_status":"open","sticky":false,"template":"","format":"standard","meta":[],"categories":[1],"tags":[],"_links":{"self":[{"href":"https:\/\/centers.ulbsibiu.ro\/ccsprise\/lact\/wp-json\/wp\/v2\/posts\/3586"}],"collection":[{"href":"https:\/\/centers.ulbsibiu.ro\/ccsprise\/lact\/wp-json\/wp\/v2\/posts"}],"about":[{"href":"https:\/\/centers.ulbsibiu.ro\/ccsprise\/lact\/wp-json\/wp\/v2\/types\/post"}],"author":[{"embeddable":true,"href":"https:\/\/centers.ulbsibiu.ro\/ccsprise\/lact\/wp-json\/wp\/v2\/users\/2"}],"replies":[{"embeddable":true,"href":"https:\/\/centers.ulbsibiu.ro\/ccsprise\/lact\/wp-json\/wp\/v2\/comments?post=3586"}],"version-history":[{"count":1,"href":"https:\/\/centers.ulbsibiu.ro\/ccsprise\/lact\/wp-json\/wp\/v2\/posts\/3586\/revisions"}],"predecessor-version":[{"id":3587,"href":"https:\/\/centers.ulbsibiu.ro\/ccsprise\/lact\/wp-json\/wp\/v2\/posts\/3586\/revisions\/3587"}],"wp:attachment":[{"href":"https:\/\/centers.ulbsibiu.ro\/ccsprise\/lact\/wp-json\/wp\/v2\/media?parent=3586"}],"wp:term":[{"taxonomy":"category","embeddable":true,"href":"https:\/\/centers.ulbsibiu.ro\/ccsprise\/lact\/wp-json\/wp\/v2\/categories?post=3586"},{"taxonomy":"post_tag","embeddable":true,"href":"https:\/\/centers.ulbsibiu.ro\/ccsprise\/lact\/wp-json\/wp\/v2\/tags?post=3586"}],"curies":[{"name":"wp","href":"https:\/\/api.w.org\/{rel}","templated":true}]}}