{"id":3583,"date":"2017-10-19T19:49:18","date_gmt":"2017-10-19T17:49:18","guid":{"rendered":"https:\/\/centers.ulbsibiu.ro\/ccsprise\/lact\/?p=3583"},"modified":"2017-10-19T19:50:03","modified_gmt":"2017-10-19T17:50:03","slug":"19-10-2017-elevii-din-transnistria-de-la-scolile-cu-predare-in-limba-romana-protest-in-fata-ambasadei-rusiei-de-la-chisinau-moscova-refuza-sa-execute-hotararile-cedo-desi-au-trecut-cinci-ani","status":"publish","type":"post","link":"https:\/\/centers.ulbsibiu.ro\/ccsprise\/lact\/19-10-2017-elevii-din-transnistria-de-la-scolile-cu-predare-in-limba-romana-protest-in-fata-ambasadei-rusiei-de-la-chisinau-moscova-refuza-sa-execute-hotararile-cedo-desi-au-trecut-cinci-ani\/","title":{"rendered":"19.10.2017: Elevii din Transnistria de la \u0219colile cu predare \u00een limba rom\u00e2n\u0103, PROTEST \u00een fa\u021ba Ambasadei Rusiei de la Chi\u0219in\u0103u: Moscova REFUZ\u0102 s\u0103 execute hot\u0103r\u00e2rile CEDO, de\u0219i au trecut cinci ani"},"content":{"rendered":"<p><span class=\"autor\">\u00a0<\/span><\/p>\n<div class=\"intern_img\">\n<div class=\"image\"><img class=\"aligncenter\" src=\"http:\/\/www.ziarulnational.md\/getimages\/620x2000x2\/large\/a6d6436e3418b428b74586e2a76fb54e.png\" alt=\"VIDEO \/\/ Elevii din Transnistria de la \u0219colile cu predare \u00een limba rom\u00e2n\u0103, PROTEST \u00een fa\u021ba Ambasadei Rusiei de la Chi\u0219in\u0103u: Moscova REFUZ\u0102 s\u0103 execute hot\u0103r\u00e2rile CEDO, de\u0219i au trecut cinci ani\" width=\"620\" align=\"left\" \/><\/div>\n<\/div>\n<div class=\"live_align\">\n<p>&nbsp;<\/p>\n<p>&nbsp;<\/p>\n<p>&nbsp;<\/p>\n<p>&nbsp;<\/p>\n<p>&nbsp;<\/p>\n<p>&nbsp;<\/p>\n<p>&nbsp;<\/p>\n<p>&nbsp;<\/p>\n<p>&nbsp;<\/p>\n<p>Un grup de elevi de la Liceul \u201e\u0218tefan cel Mare\u201d din Grigoriopol, care sunt nevoi\u021bi s\u0103 fac\u0103 zilnic naveta p\u00e2n\u0103 la Doro\u021bcaia ca s\u0103 \u00eenve\u021be \u00een limba rom\u00e2n\u0103, dup\u0103 ce a\u0219a-zisele autorit\u0103\u021bi nerecunoscute din Transnistria le-au sechestrat sediul liceului, au venit ast\u0103zi, \u00een fa\u021ba Ambasadei Federa\u021biei Ruse de la Chi\u0219in\u0103u, ca s\u0103 protesteze.<\/p>\n<p>Cu pancarte \u00een m\u00e2ini pe care scria \u201eEu am dreptul\u201d, \u201eExecuta\u021bi decizia Catan: un milion de euro este mai pu\u021bin dec\u00e2t un tanc\u201d etc., elevii i-au amintit, astfel, Moscovei c\u0103 ast\u0103zi se \u00eemplinesc exact cinci ani de c\u00e2nd CEDO a condamnat Federa\u021bia Rus\u0103 pentru \u00eenc\u0103lcarea dreptului la educa\u021bie al celor care doresc s\u0103 studieze \u00een limba rom\u00e2n\u0103 peste Nistru.<\/p>\n<p>\u0218eful Asocia\u021biei \u201ePromo-Lex\u201d, Ion Manole, a declarat c\u0103 avoca\u021bii acestei institu\u021bii au ob\u021binut opt hot\u0103r\u00e2ri de condamnare a Federa\u021biei Ruse la CEDO, dintre care doar una, cea \u00een cazul t\u00e2n\u0103rului Vadim Pisari \u00eempu\u0219cat de un militar rus, a fost executat\u0103 p\u00e2n\u0103 acum.<\/p>\n<p>\u201eDorim s\u0103 amintim c\u0103 azi se \u00eemplinesc cinci ani de la decizia CEDO \u00een cazul Catan prin care a fost recunoscut\u0103 \u0219i demonstrat\u0103 responsabilitatea Federa\u021biei Ruse \u00een ceea ce prive\u0219te respectarea drepturilor omului \u00een Transnistria. \u00cen cazul de fa\u021b\u0103, a fost recunoscut\u0103 responsabilitatea pentru acele opt \u0219coli din regiune \u00een care se \u00eenva\u021b\u0103 \u00een limba rom\u00e2n\u0103. Cu regret, au trecut cinci ani \u0219i mai suntem \u00een a\u0219tetarea execut\u0103rii acestor hot\u0103r\u00e2ri\u201d, a spus Ion Manole.<\/p>\n<p><ins class=\"adsbygoogle\" data-ad-slot=\"1828436003\" data-ad-client=\"ca-pub-8819619377572069\" data-ad-layout=\"in-article\" data-ad-format=\"fluid\"><\/ins><br \/>\nPotrivit sursei citate, num\u0103rul elevilor din aceste \u0219coli a sc\u0103zut drastic \u00een ultimii ani din cauza presiunilor la care sunt supu\u0219i p\u0103rin\u021bii, profesorii \u0219i elevii acestui liceu.<\/p>\n<p>\u00cen forurile interna\u021bionale, de c\u00e2te ori este pus\u0103 aceast\u0103 problem\u0103, mai spune Manole, Federa\u021bia Rus\u0103 ignor\u0103 acest subiect. Responsabilul de la \u201ePromo-Lex\u201d sus\u021bine pre\u0219edintele Igor Dodon are \u201eo rela\u021bie bun\u0103\u201d cu liderul rus Vladimir Putin, iar consilierul preziden\u021bial, Vasile \u0218ova, i-a promis, \u00eentr-o discu\u021bie, c\u0103 vor fi depuse eforturi pentru rezolvarea acestei probleme.<\/p>\n<p>\u201eNimic nu s-a schimbat. Am venit s\u0103-i spunem lui Putin c\u0103 rana este vie \u0219i mai s\u00e2ngereaz\u0103\u201d, a declarat la protest \u0219i Eleonora Cercavschi, directorul Liceului \u201e\u0218tefan cel Mare\u201d din Grigoriopol, elevii c\u0103ruia fac de 15 ani naveta p\u00e2n\u0103 la Doro\u021bcaia ca s\u0103 mearg\u0103 la \u0219coal\u0103.<\/p>\n<p>Sursa:<\/p>\n<p><a href=\"http:\/\/www.ziarulnational.md\/video-elevii-din-transnistria-de-la-scolile-cu-predare-in-limba-romana-protesc-in-fata-ambasadei-rusiei-de-la-chisinau-moscova-refuza-sa-execute-hotararile-cedo-desi-au-trecut-cinci-ani\/\">http:\/\/www.ziarulnational.md\/video-elevii-din-transnistria-de-la-scolile-cu-predare-in-limba-romana-protesc-in-fata-ambasadei-rusiei-de-la-chisinau-moscova-refuza-sa-execute-hotararile-cedo-desi-au-trecut-cinci-ani\/<\/a><\/p>\n<\/div>\n","protected":false},"excerpt":{"rendered":"<p>\u00a0 &nbsp; &nbsp; &nbsp; &nbsp; &nbsp; &nbsp; &nbsp; &nbsp; &nbsp; Un grup de elevi de la Liceul \u201e\u0218tefan cel Mare\u201d din Grigoriopol, care sunt nevoi\u021bi s\u0103 fac\u0103 zilnic naveta p\u00e2n\u0103 la Doro\u021bcaia ca s\u0103 \u00eenve\u021be \u00een limba rom\u00e2n\u0103, dup\u0103 ce a\u0219a-zisele autorit\u0103\u021bi nerecunoscute din Transnistria le-au sechestrat sediul liceului, au venit ast\u0103zi, \u00een fa\u021ba Ambasadei&#8230;<\/p>\n","protected":false},"author":2,"featured_media":0,"comment_status":"closed","ping_status":"open","sticky":false,"template":"","format":"standard","meta":[],"categories":[1],"tags":[],"_links":{"self":[{"href":"https:\/\/centers.ulbsibiu.ro\/ccsprise\/lact\/wp-json\/wp\/v2\/posts\/3583"}],"collection":[{"href":"https:\/\/centers.ulbsibiu.ro\/ccsprise\/lact\/wp-json\/wp\/v2\/posts"}],"about":[{"href":"https:\/\/centers.ulbsibiu.ro\/ccsprise\/lact\/wp-json\/wp\/v2\/types\/post"}],"author":[{"embeddable":true,"href":"https:\/\/centers.ulbsibiu.ro\/ccsprise\/lact\/wp-json\/wp\/v2\/users\/2"}],"replies":[{"embeddable":true,"href":"https:\/\/centers.ulbsibiu.ro\/ccsprise\/lact\/wp-json\/wp\/v2\/comments?post=3583"}],"version-history":[{"count":2,"href":"https:\/\/centers.ulbsibiu.ro\/ccsprise\/lact\/wp-json\/wp\/v2\/posts\/3583\/revisions"}],"predecessor-version":[{"id":3585,"href":"https:\/\/centers.ulbsibiu.ro\/ccsprise\/lact\/wp-json\/wp\/v2\/posts\/3583\/revisions\/3585"}],"wp:attachment":[{"href":"https:\/\/centers.ulbsibiu.ro\/ccsprise\/lact\/wp-json\/wp\/v2\/media?parent=3583"}],"wp:term":[{"taxonomy":"category","embeddable":true,"href":"https:\/\/centers.ulbsibiu.ro\/ccsprise\/lact\/wp-json\/wp\/v2\/categories?post=3583"},{"taxonomy":"post_tag","embeddable":true,"href":"https:\/\/centers.ulbsibiu.ro\/ccsprise\/lact\/wp-json\/wp\/v2\/tags?post=3583"}],"curies":[{"name":"wp","href":"https:\/\/api.w.org\/{rel}","templated":true}]}}