{"id":3581,"date":"2017-10-18T18:38:01","date_gmt":"2017-10-18T16:38:01","guid":{"rendered":"https:\/\/centers.ulbsibiu.ro\/ccsprise\/lact\/?p=3581"},"modified":"2017-10-18T18:38:01","modified_gmt":"2017-10-18T16:38:01","slug":"18-10-2017-la-moscova-s-au-discutat-noile-initiative-ale-transnistriei-privind-reabilitarea-procesului-de-negocieri","status":"publish","type":"post","link":"https:\/\/centers.ulbsibiu.ro\/ccsprise\/lact\/18-10-2017-la-moscova-s-au-discutat-noile-initiative-ale-transnistriei-privind-reabilitarea-procesului-de-negocieri\/","title":{"rendered":"18.10.2017: LA MOSCOVA S-AU DISCUTAT NOILE INI\u021aIATIVE ALE TRANSNISTRIEI PRIVIND \u201eREABILITAREA PROCESULUI DE NEGOCIERI\u201d"},"content":{"rendered":"<p>Ministrul Afacerilor Externe al Transnistriei, Vitalii Ignatiev, s-a \u00eent\u00e2lnit la Moscova cu Ambasadorul pentru misiuni special al MAE al Rusiei, Serghei Gubarev. Interlocutorii au discutat o serie de aspecte actuale ale situa\u021biei curente \u00een procesul de negocieri cu Republica Moldova. \u00cen special, s-a acordat aten\u021bie dinamicii g\u0103sirii solu\u021biilor reciproc acceptabile \u00een cadrul listei de probleme reflectate \u00een \u201eProtocolul de la Berlin\u201d \u0219i, de asemenea, st\u0103rii dialogului la nivelul grupurilor de exper\u021bi din Transnistria \u0219i Moldova. \u00cen cadrul \u00eentrunirii, un accent deosebit s-a pus pe \u201ediscu\u021bia unui \u0219ir de ini\u021biative noi ale p\u0103r\u021bii transnistrene, direc\u021bionate spre \u201ereabilitarea\u201d comun\u0103 a procesului de negocieri\u201d. P\u0103r\u021bile s-au pronun\u021bat \u00een favoarea relu\u0103rii c\u00e2t mai cur\u00e2nd a activit\u0103\u021bii formatului interna\u021bional de negocieri al \u201eReuniunii Permanente &#8230;\u201d, precum \u0219i pentru intensificarea activit\u0103\u021bii de realizare a acordurilor practice ale p\u0103r\u021bilor \u00een sfera social\u0103, economic\u0103 \u0219i umanitar\u0103.<\/p>\n<p>Sursa:<\/p>\n<p><a href=\"http:\/\/www.infotag.md\/rebelion-ro\/253646\/\">http:\/\/www.infotag.md\/rebelion-ro\/253646\/<\/a><\/p>\n","protected":false},"excerpt":{"rendered":"<p>Ministrul Afacerilor Externe al Transnistriei, Vitalii Ignatiev, s-a \u00eent\u00e2lnit la Moscova cu Ambasadorul pentru misiuni special al MAE al Rusiei, Serghei Gubarev. Interlocutorii au discutat o serie de aspecte actuale ale situa\u021biei curente \u00een procesul de negocieri cu Republica Moldova. \u00cen special, s-a acordat aten\u021bie dinamicii g\u0103sirii solu\u021biilor reciproc acceptabile \u00een cadrul listei de probleme&#8230;<\/p>\n","protected":false},"author":2,"featured_media":0,"comment_status":"closed","ping_status":"open","sticky":false,"template":"","format":"standard","meta":[],"categories":[1],"tags":[],"_links":{"self":[{"href":"https:\/\/centers.ulbsibiu.ro\/ccsprise\/lact\/wp-json\/wp\/v2\/posts\/3581"}],"collection":[{"href":"https:\/\/centers.ulbsibiu.ro\/ccsprise\/lact\/wp-json\/wp\/v2\/posts"}],"about":[{"href":"https:\/\/centers.ulbsibiu.ro\/ccsprise\/lact\/wp-json\/wp\/v2\/types\/post"}],"author":[{"embeddable":true,"href":"https:\/\/centers.ulbsibiu.ro\/ccsprise\/lact\/wp-json\/wp\/v2\/users\/2"}],"replies":[{"embeddable":true,"href":"https:\/\/centers.ulbsibiu.ro\/ccsprise\/lact\/wp-json\/wp\/v2\/comments?post=3581"}],"version-history":[{"count":1,"href":"https:\/\/centers.ulbsibiu.ro\/ccsprise\/lact\/wp-json\/wp\/v2\/posts\/3581\/revisions"}],"predecessor-version":[{"id":3582,"href":"https:\/\/centers.ulbsibiu.ro\/ccsprise\/lact\/wp-json\/wp\/v2\/posts\/3581\/revisions\/3582"}],"wp:attachment":[{"href":"https:\/\/centers.ulbsibiu.ro\/ccsprise\/lact\/wp-json\/wp\/v2\/media?parent=3581"}],"wp:term":[{"taxonomy":"category","embeddable":true,"href":"https:\/\/centers.ulbsibiu.ro\/ccsprise\/lact\/wp-json\/wp\/v2\/categories?post=3581"},{"taxonomy":"post_tag","embeddable":true,"href":"https:\/\/centers.ulbsibiu.ro\/ccsprise\/lact\/wp-json\/wp\/v2\/tags?post=3581"}],"curies":[{"name":"wp","href":"https:\/\/api.w.org\/{rel}","templated":true}]}}