{"id":3579,"date":"2017-10-18T18:26:58","date_gmt":"2017-10-18T16:26:58","guid":{"rendered":"https:\/\/centers.ulbsibiu.ro\/ccsprise\/lact\/?p=3579"},"modified":"2017-10-18T18:26:58","modified_gmt":"2017-10-18T16:26:58","slug":"18-10-2017-guvernul-a-decis-prelungirea-mandatului-eubam-cu-inca-trei-ani","status":"publish","type":"post","link":"https:\/\/centers.ulbsibiu.ro\/ccsprise\/lact\/18-10-2017-guvernul-a-decis-prelungirea-mandatului-eubam-cu-inca-trei-ani\/","title":{"rendered":"18.10.2017: Guvernul a decis prelungirea mandatului EUBAM cu \u00eenc\u0103 trei ani"},"content":{"rendered":"<p><strong>Mandatul Misiunii Europene de Asisten\u021b\u0103 la Frontier\u0103 \u00een Republica Moldova \u0219i \u00een Ucraina (EUBAM) va fi prelungit cu \u00eenc\u0103 trei ani, adic\u0103 p\u00e2n\u0103 la 30 noiembrie 2020.<\/strong> \u00cen acest sens, Cabinetul de mini\u0219tri a aprobat ast\u0103zi semnarea unui Acord multilateral \u00eentre Republica Moldova, Ucraina \u0219i Comisia European\u0103.<\/p>\n<p>Pentru perioada urm\u0103toare, drept obiective de activitate ale Misiunii au fost stabilite contribuirea la solu\u021bionarea conflictului transnistrean, inclusiv prin promovarea m\u0103surilor de consolidare a \u00eencrederii \u00eentre cele dou\u0103 maluri ale Nistrului, dar \u0219i acordarea asisten\u021bei Republicii Moldova \u0219i Ucrainei \u00een combaterea criminalit\u0103\u021bii transfrontaliere \u0219i a traficului ilicit.<\/p>\n<p><strong>De asemenea, prelungirea mandatului EUBAM va avea efect pozitiv asupra \u00eentregului proces de gestionare integrat\u0103 a frontierei de stat, \u00een contextul \u00eendeplinirii angajamentelor asumate de c\u0103tre \u021bara noastr\u0103 prin Acordul de Asociere RM \u2013UE.<\/strong><\/p>\n<p>Conform atribu\u021biilor func\u021bionale, Misiunea acord\u0103 asisten\u021b\u0103 consultativ\u0103 autorit\u0103\u021bilor vamale \u0219i gr\u0103nicere\u0219ti ale ambelor state, \u00een special viz\u00e2nd preluarea practicilor europene \u00een materie de securizare a frontierei.<\/p>\n<p>Misiunea UE de Asisten\u021b\u0103 la Frontier\u0103 \u00een Republica Moldova \u0219i \u00een Ucraina \u015fi-a \u00eenceput activitatea la 1 decembrie 2005, av\u00e2nd ca scop modernizarea procedurilor de gestionare a frontierelor \u0219i ajustarea lor la standardele europene.<\/p>\n<p>Cite\u0219te mai mult: <a href=\"https:\/\/www.publika.md\/guvernul-a-decis-prelungirea-mandatului-eubam-cu-inca-trei-ani_2983927.html#ixzz4vsTxQi00\">https:\/\/www.publika.md\/guvernul-a-decis-prelungirea-mandatului-eubam-cu-inca-trei-ani_2983927.html#ixzz4vsTxQi00<\/a><\/p>\n","protected":false},"excerpt":{"rendered":"<p>Mandatul Misiunii Europene de Asisten\u021b\u0103 la Frontier\u0103 \u00een Republica Moldova \u0219i \u00een Ucraina (EUBAM) va fi prelungit cu \u00eenc\u0103 trei ani, adic\u0103 p\u00e2n\u0103 la 30 noiembrie 2020. \u00cen acest sens, Cabinetul de mini\u0219tri a aprobat ast\u0103zi semnarea unui Acord multilateral \u00eentre Republica Moldova, Ucraina \u0219i Comisia European\u0103. Pentru perioada urm\u0103toare, drept obiective de activitate ale&#8230;<\/p>\n","protected":false},"author":2,"featured_media":0,"comment_status":"closed","ping_status":"open","sticky":false,"template":"","format":"standard","meta":[],"categories":[1],"tags":[],"_links":{"self":[{"href":"https:\/\/centers.ulbsibiu.ro\/ccsprise\/lact\/wp-json\/wp\/v2\/posts\/3579"}],"collection":[{"href":"https:\/\/centers.ulbsibiu.ro\/ccsprise\/lact\/wp-json\/wp\/v2\/posts"}],"about":[{"href":"https:\/\/centers.ulbsibiu.ro\/ccsprise\/lact\/wp-json\/wp\/v2\/types\/post"}],"author":[{"embeddable":true,"href":"https:\/\/centers.ulbsibiu.ro\/ccsprise\/lact\/wp-json\/wp\/v2\/users\/2"}],"replies":[{"embeddable":true,"href":"https:\/\/centers.ulbsibiu.ro\/ccsprise\/lact\/wp-json\/wp\/v2\/comments?post=3579"}],"version-history":[{"count":1,"href":"https:\/\/centers.ulbsibiu.ro\/ccsprise\/lact\/wp-json\/wp\/v2\/posts\/3579\/revisions"}],"predecessor-version":[{"id":3580,"href":"https:\/\/centers.ulbsibiu.ro\/ccsprise\/lact\/wp-json\/wp\/v2\/posts\/3579\/revisions\/3580"}],"wp:attachment":[{"href":"https:\/\/centers.ulbsibiu.ro\/ccsprise\/lact\/wp-json\/wp\/v2\/media?parent=3579"}],"wp:term":[{"taxonomy":"category","embeddable":true,"href":"https:\/\/centers.ulbsibiu.ro\/ccsprise\/lact\/wp-json\/wp\/v2\/categories?post=3579"},{"taxonomy":"post_tag","embeddable":true,"href":"https:\/\/centers.ulbsibiu.ro\/ccsprise\/lact\/wp-json\/wp\/v2\/tags?post=3579"}],"curies":[{"name":"wp","href":"https:\/\/api.w.org\/{rel}","templated":true}]}}