{"id":3573,"date":"2017-10-16T09:56:29","date_gmt":"2017-10-16T07:56:29","guid":{"rendered":"https:\/\/centers.ulbsibiu.ro\/ccsprise\/lact\/?p=3573"},"modified":"2017-10-16T09:57:10","modified_gmt":"2017-10-16T07:57:10","slug":"13-10-2017-autoritatile-de-la-tiraspol-s-au-plans-comisarului-ue-ca-moldova-incalca-drepturile-cetatenilor-transnistreni","status":"publish","type":"post","link":"https:\/\/centers.ulbsibiu.ro\/ccsprise\/lact\/13-10-2017-autoritatile-de-la-tiraspol-s-au-plans-comisarului-ue-ca-moldova-incalca-drepturile-cetatenilor-transnistreni\/","title":{"rendered":"13.10.2017: AUTORIT\u0102\u0162ILE DE LA TIRASPOL S-AU PL\u00c2NS COMISARULUI UE C\u0102 MOLDOVA \u00ceNCALC\u0102 DREPTURILE CET\u0102\u0162ENILOR TRANSNISTRENI"},"content":{"rendered":"<p>Moldova \u00eencalc\u0103 drepturile Transnistriei \u015fi locuitorilor s\u0103i la libera circula\u0163ie \u015fi activitatea economic\u0103 liber\u0103. Aceast\u0103 opinie a fost prezentat\u0103 de conducerea autoproclamatei RMN la \u00eentrevederea din ajun cu o delega\u0163ie a Consiliului Europei, condus\u0103 de Comisarul pentru drepturile omului, Nils Muiznieks.<\/p>\n<p>Potrivit agen\u021biei INFOTAG cu referire la presa local\u0103, oaspe\u021bii s-au interesat de respectarea drepturilor persoanelor cu dizabilit\u0103\u021bi, manifest\u0103rile violen\u021bei domestice, respectarea drepturilor omului \u00een penitenciarele din Transnistria.<\/p>\n<p>Liderul de la Tiraspol, Vadim Krasnoselski, a remarcat faptul c\u0103 respectarea drepturilor omului este un subiect important pentru Transnistria, subliniind c\u0103 \u201e\u00eentr-un stat \u00een care legea este respectat\u0103 de to\u0163i \u2013 de la pre\u0219edinte la cet\u0103\u021beanul de r\u00e2nd \u2013 \u00eenc\u0103lc\u0103ri ale drepturilor omului sunt practic excluse\u201d. El a constatat c\u0103 \u00een rela\u021bii dintre Transnistria \u0219i Moldova se atest\u0103 fapte de \u00eenc\u0103lcare a drepturilor omului.<\/p>\n<p>Ministrul de Externe, Vitalii Ignatiev, a dezvoltat tema, spun\u00e2nd c\u0103, \u201e\u00een prezent, aproape to\u021bi locuitorii republicii se confrunt\u0103 \u00een mod regulat cu \u00eenc\u0103lcarea drepturilor lor ca urmare a aplic\u0103rii de c\u0103tre Moldova a unui complex \u00eentreg de m\u0103suri restrictive unilaterale \u00eempotriva Transnistriei\u201c. El a enumerat probleme \u00een domeniul libert\u0103\u021bii de circula\u021bie a cet\u0103\u021benilor \u0219i a vehiculelor, mobilitatea academic\u0103, precum \u0219i urm\u0103rirea penal\u0103 motivat\u0103 politic a transnistrenilor \u00een Moldova.<\/p>\n<p>Potrivit lui, \u201elipsa de preg\u0103tire a p\u0103r\u021bii moldovene\u0219ti de a rezolva la masa de negocieri probleme economice \u0219i sociale complexe existente provoac\u0103 implementarea unor noi mecanisme de blocad\u0103 \u00eempotriva Transnistriei \u0219i a cet\u0103\u021benilor s\u0103i\u201d.<\/p>\n<p>\u201eOamenii nu trebuie s\u0103 fie ostaticii conflictelor politice. Sper\u0103m c\u0103 ve\u0163i contribui la \u00eembun\u0103t\u0103\u021birea situa\u021biei \u00een ceea ce prive\u0219te asigurarea drepturilor cet\u0103\u021benilor Transnistriei\u201d, a spus el.<\/p>\n<p>\u00cens\u0103rcinatul pentru Drepturile Omului, Veaceslav Kosinski, a subliniat c\u0103 autorit\u0103\u021bile Transnistriei \u201esunt deschise pentru dialog, fiind gata s\u0103 lucreze pentru cre\u0219terea nivelului de ap\u0103rare a drepturilor omului\u201d.<\/p>\n<p>Sursa:<\/p>\n<p>http:\/\/www.infotag.md\/rebelion-ro\/253468\/<\/p>\n","protected":false},"excerpt":{"rendered":"<p>Moldova \u00eencalc\u0103 drepturile Transnistriei \u015fi locuitorilor s\u0103i la libera circula\u0163ie \u015fi activitatea economic\u0103 liber\u0103. Aceast\u0103 opinie a fost prezentat\u0103 de conducerea autoproclamatei RMN la \u00eentrevederea din ajun cu o delega\u0163ie a Consiliului Europei, condus\u0103 de Comisarul pentru drepturile omului, Nils Muiznieks. Potrivit agen\u021biei INFOTAG cu referire la presa local\u0103, oaspe\u021bii s-au interesat de respectarea drepturilor&#8230;<\/p>\n","protected":false},"author":2,"featured_media":0,"comment_status":"closed","ping_status":"open","sticky":false,"template":"","format":"standard","meta":[],"categories":[1],"tags":[],"_links":{"self":[{"href":"https:\/\/centers.ulbsibiu.ro\/ccsprise\/lact\/wp-json\/wp\/v2\/posts\/3573"}],"collection":[{"href":"https:\/\/centers.ulbsibiu.ro\/ccsprise\/lact\/wp-json\/wp\/v2\/posts"}],"about":[{"href":"https:\/\/centers.ulbsibiu.ro\/ccsprise\/lact\/wp-json\/wp\/v2\/types\/post"}],"author":[{"embeddable":true,"href":"https:\/\/centers.ulbsibiu.ro\/ccsprise\/lact\/wp-json\/wp\/v2\/users\/2"}],"replies":[{"embeddable":true,"href":"https:\/\/centers.ulbsibiu.ro\/ccsprise\/lact\/wp-json\/wp\/v2\/comments?post=3573"}],"version-history":[{"count":1,"href":"https:\/\/centers.ulbsibiu.ro\/ccsprise\/lact\/wp-json\/wp\/v2\/posts\/3573\/revisions"}],"predecessor-version":[{"id":3574,"href":"https:\/\/centers.ulbsibiu.ro\/ccsprise\/lact\/wp-json\/wp\/v2\/posts\/3573\/revisions\/3574"}],"wp:attachment":[{"href":"https:\/\/centers.ulbsibiu.ro\/ccsprise\/lact\/wp-json\/wp\/v2\/media?parent=3573"}],"wp:term":[{"taxonomy":"category","embeddable":true,"href":"https:\/\/centers.ulbsibiu.ro\/ccsprise\/lact\/wp-json\/wp\/v2\/categories?post=3573"},{"taxonomy":"post_tag","embeddable":true,"href":"https:\/\/centers.ulbsibiu.ro\/ccsprise\/lact\/wp-json\/wp\/v2\/tags?post=3573"}],"curies":[{"name":"wp","href":"https:\/\/api.w.org\/{rel}","templated":true}]}}