{"id":3570,"date":"2017-10-16T09:53:11","date_gmt":"2017-10-16T07:53:11","guid":{"rendered":"https:\/\/centers.ulbsibiu.ro\/ccsprise\/lact\/?p=3570"},"modified":"2017-10-16T09:53:59","modified_gmt":"2017-10-16T07:53:59","slug":"13-10-2017-transnistria-nu-intentioneaza-sa-discute-statutul-sau-politic","status":"publish","type":"post","link":"https:\/\/centers.ulbsibiu.ro\/ccsprise\/lact\/13-10-2017-transnistria-nu-intentioneaza-sa-discute-statutul-sau-politic\/","title":{"rendered":"13.10.2017: TRANSNISTRIA NU INTEN\u0162IONEAZ\u0102 S\u0102 DISCUTE STATUTUL S\u0102U POLITIC"},"content":{"rendered":"<p>Transnistria nu inten\u0163ioneaz\u0103 s\u0103 discute probleme politice, c\u0103ci niciuna din p\u0103r\u0163ile procesului de negocieri nu este preg\u0103tit\u0103 actualmente pentru solu\u0163ionarea acestora. O declara\u0163ie \u00een acest sens a f\u0103cut pre\u015fedintele autoproclamatei RMN, Vadim Krasnoselski, la \u00eentrevederea de joi cu membrii Reuniunii Consultative a primilor deputa\u0163i ai Sovietului Suprem.<\/p>\n<p>Potrivit agen\u0163iei INFOTAG cu referire la site-ul liderului de la Tiraspol, el a subliniat c\u0103 \u201enu poate fi vorba de niciun fel de discu\u0163ii pe marginea variantelor de integrare, reintegrare, unire, federalizare, pentru c\u0103 totul este praf \u00een ochi, o modalitate de a sc\u0103pa de rezolvarea problemelor reale, care necesit\u0103 aten\u0163ie\u201d.<\/p>\n<p>El a subliniat \u201ec\u0103 ast\u0103zi problema statutului politic al Transnistriei este lipsit\u0103 de relevan\u021b\u0103\u201d \u0219i a atras aten\u021bia membrilor Reuniunii Consultative la \u201einconsecven\u0163a deciziilor \u0219i ac\u021biunilor politicienilor moldoveni, care \u00een momente diferite \u015fi \u00een diferite locuri vorbesc ba de federalizare, ba de oportunitatea cre\u0103rii autonomiei transnistrene, ba de un statut special al republicii\u201d.<\/p>\n<p>\u201eTimp de opt luni ale anului curent, \u00eenaltul demnitar al Moldovei (Pre\u0219edintele Igor Dodon \u2013 \u201eI.\u201d) de trei ori \u015fi-a schimbat opinia\u201d, s-a indignat Krasnoselski, care \u0219i-a exprimat nedumerirea referitor la \u201emodul \u00een care Transnistria ar putea negocia \u00een astfel de circumstan\u021be\u201d.<\/p>\n<p>El a enumerat o serie de probleme de actualitate, a c\u0103ror solu\u021bionare se afl\u0103 pe platforma de negociere. Printre acestea se num\u0103r\u0103 deblocarea sta\u0163iei feroviare Slobodka, recunoa\u0219terea documentelor de \u00eenv\u0103\u021b\u0103m\u00e2nt superior, solu\u021bionarea problemei transportului auto \u0219i deschiderea unui pod peste Nistru l\u00e2ng\u0103 satul B\u00eecioc.<\/p>\n<p>\u00cen pofida tuturor problemelor existente, el a men\u021bionat c\u0103 \u201esitua\u021bia \u00een Transnistria este relativ sigur\u0103 \u0219i stabil\u0103, \u00een contextul evenimentelor care au loc \u00een \u021b\u0103rile vecine\u201d.<\/p>\n<p>Sursa:<\/p>\n<p><a href=\"http:\/\/www.infotag.md\/rebelion-ro\/253445\/\">http:\/\/www.infotag.md\/rebelion-ro\/253445\/<\/a><\/p>\n","protected":false},"excerpt":{"rendered":"<p>Transnistria nu inten\u0163ioneaz\u0103 s\u0103 discute probleme politice, c\u0103ci niciuna din p\u0103r\u0163ile procesului de negocieri nu este preg\u0103tit\u0103 actualmente pentru solu\u0163ionarea acestora. O declara\u0163ie \u00een acest sens a f\u0103cut pre\u015fedintele autoproclamatei RMN, Vadim Krasnoselski, la \u00eentrevederea de joi cu membrii Reuniunii Consultative a primilor deputa\u0163i ai Sovietului Suprem. Potrivit agen\u0163iei INFOTAG cu referire la site-ul liderului&#8230;<\/p>\n","protected":false},"author":2,"featured_media":0,"comment_status":"closed","ping_status":"open","sticky":false,"template":"","format":"standard","meta":[],"categories":[1],"tags":[],"_links":{"self":[{"href":"https:\/\/centers.ulbsibiu.ro\/ccsprise\/lact\/wp-json\/wp\/v2\/posts\/3570"}],"collection":[{"href":"https:\/\/centers.ulbsibiu.ro\/ccsprise\/lact\/wp-json\/wp\/v2\/posts"}],"about":[{"href":"https:\/\/centers.ulbsibiu.ro\/ccsprise\/lact\/wp-json\/wp\/v2\/types\/post"}],"author":[{"embeddable":true,"href":"https:\/\/centers.ulbsibiu.ro\/ccsprise\/lact\/wp-json\/wp\/v2\/users\/2"}],"replies":[{"embeddable":true,"href":"https:\/\/centers.ulbsibiu.ro\/ccsprise\/lact\/wp-json\/wp\/v2\/comments?post=3570"}],"version-history":[{"count":2,"href":"https:\/\/centers.ulbsibiu.ro\/ccsprise\/lact\/wp-json\/wp\/v2\/posts\/3570\/revisions"}],"predecessor-version":[{"id":3572,"href":"https:\/\/centers.ulbsibiu.ro\/ccsprise\/lact\/wp-json\/wp\/v2\/posts\/3570\/revisions\/3572"}],"wp:attachment":[{"href":"https:\/\/centers.ulbsibiu.ro\/ccsprise\/lact\/wp-json\/wp\/v2\/media?parent=3570"}],"wp:term":[{"taxonomy":"category","embeddable":true,"href":"https:\/\/centers.ulbsibiu.ro\/ccsprise\/lact\/wp-json\/wp\/v2\/categories?post=3570"},{"taxonomy":"post_tag","embeddable":true,"href":"https:\/\/centers.ulbsibiu.ro\/ccsprise\/lact\/wp-json\/wp\/v2\/tags?post=3570"}],"curies":[{"name":"wp","href":"https:\/\/api.w.org\/{rel}","templated":true}]}}