{"id":3567,"date":"2017-10-12T07:43:54","date_gmt":"2017-10-12T05:43:54","guid":{"rendered":"https:\/\/centers.ulbsibiu.ro\/ccsprise\/lact\/?p=3567"},"modified":"2017-10-12T07:45:29","modified_gmt":"2017-10-12T05:45:29","slug":"11-10-2017-la-bender-a-avut-loc-sedinta-grupurilor-de-lucru-pentru-educatie","status":"publish","type":"post","link":"https:\/\/centers.ulbsibiu.ro\/ccsprise\/lact\/11-10-2017-la-bender-a-avut-loc-sedinta-grupurilor-de-lucru-pentru-educatie\/","title":{"rendered":"11.10.2017: La Bender a avut loc \u015fedin\u0163a grupurilor de lucru pentru educa\u0163ie"},"content":{"rendered":"<p align=\"JUSTIFY\"><span lang=\"ro-RO\" xml:lang=\"ro-RO\">La 11 octombrie 2017, la sediul Misiunii OSCE din or. Bender, a avut loc \u015fedin\u0163a ordinar\u0103 a grupurilor de lucru pentru educa\u0163ie cu participarea reprezentan\u0163ilor din cadrul formatului de negocieri \u201e5+2\u201d. Delega\u0163ia din partea Chi\u015fin\u0103ului a fost condus\u0103 de Valentin Crudu, coordonator interimar al grupului de lucru. <\/span><\/p>\n<p lang=\"ro-RO\" xml:lang=\"ro-RO\" align=\"JUSTIFY\">Participan\u0163ii la \u015fedin\u0163\u0103 au discutat un spectru larg de probleme ce \u0163in de activitatea celor 8 \u015fcoli moldovene\u015fti din regiunea transnistrean\u0103 care studiaz\u0103 \u00een grafie latin\u0103 \u015fi sunt subordonate Ministerului Educa\u0163iei, Culturii \u015fi Cercet\u0103rii al Republicii Moldova.<\/p>\n<p lang=\"ro-RO\" xml:lang=\"ro-RO\" align=\"JUSTIFY\"><span lang=\"ro-RO\" xml:lang=\"ro-RO\">Reprezentan\u0163ii Chi\u015fin\u0103ului au solicitat reluarea discu\u0163iilor despre asigurarea condi\u0163iilor necesare pentru buna func\u0163ionare a \u015fcolilor moldovene\u015fti din regiunea transnistrean\u0103. S-a cerut asigurarea, ca prim-pas, a Liceului Teoretic \u201eEvrica\u201d din R\u00e2bni\u0163a cu sediu, prin re\u00eentoarcerea cl\u0103dirii construite pentru aceast\u0103 institu\u0163ie de \u00eenv\u0103\u0163\u0103m\u00e2nt din banii bugetului de stat al RM, care a fost blocat\u0103 de c\u0103tre structurile de la Tiraspol dup\u0103 criza \u015fcolilor din 2004. Contrar \u00een\u0163elegerilor convenite \u00een cadrul \u015fedin\u0163elor anterioare ale Grupului de lucru pentru educa\u0163ie de a identifica \u00een acest format de negocieri o solu\u0163ie pentru aceast\u0103 problem\u0103, reprezentan\u0163ii Tiraspolului s-au eschivat de la dezbaterea subiectului, relev\u00e2nd c\u0103 problema \u0163ine de competen\u0163a reprezentan\u0163ilor politici \u00een procesul de negocieri pentru reglementarea transnistrean\u0103.<\/span><\/p>\n<p lang=\"ro-RO\" xml:lang=\"ro-RO\" align=\"JUSTIFY\"><span lang=\"ro-RO\" xml:lang=\"ro-RO\">Nici pe subiectul privind apostilarea actelor de studii emise \u00een regiunea transnistrean\u0103 nu au fost \u00eenregistrate progrese, reprezentan\u0163ii Tiraspolului substituind discu\u0163iile concrete despre modelul actului de studii care ar urma s\u0103 fie supus apostil\u0103rii, prin formularea unor propuneri irelevante \u00een acest caz, care au tangen\u0163\u0103 cu alte mecanisme juridice.<\/span><\/p>\n<p lang=\"ro-RO\" xml:lang=\"ro-RO\" align=\"JUSTIFY\"><span lang=\"ro-RO\" xml:lang=\"ro-RO\">La \u015fedin\u0163\u0103 au fost abordate \u015fi alte probleme, cum ar fi condi\u0163iile de \u00eencheiere a contractelor de arend\u0103 \u015fi asumarea de c\u0103tre arendator a unei p\u0103r\u0163i din cheltuielile pentru \u00eentre\u0163inerea \u015fi repara\u0163iile capitale ale sediilor, despre stabilirea unor tarife echitabile la serviciile comunale, rezultatele evalu\u0103rii comune a st\u0103rii sanitare a \u015fcolilor moldovene\u015fti din regiunea transnistrean\u0103 etc.<\/span><\/p>\n<p lang=\"ro-RO\" xml:lang=\"ro-RO\" align=\"JUSTIFY\"><span lang=\"ro-RO\" xml:lang=\"ro-RO\">S-a convenit c\u0103 discu\u0163iile la aceste \u015fi alte subiecte de actualitate vor continua la urm\u0103toarea \u015fedin\u0163\u0103, data urm\u00e2nd a fi stabilit\u0103 \u00een regim de lucru.<\/span><\/p>\n<p lang=\"ro-RO\" xml:lang=\"ro-RO\" align=\"JUSTIFY\">Sursa:<\/p>\n<p lang=\"ro-RO\" xml:lang=\"ro-RO\" align=\"JUSTIFY\"><a href=\"http:\/\/gov.md\/ro\/content\/la-bender-avut-loc-sedinta-grupurilor-de-lucru-pentru-educatie-0\">http:\/\/gov.md\/ro\/content\/la-bender-avut-loc-sedinta-grupurilor-de-lucru-pentru-educatie-0<\/a><\/p>\n","protected":false},"excerpt":{"rendered":"<p>La 11 octombrie 2017, la sediul Misiunii OSCE din or. Bender, a avut loc \u015fedin\u0163a ordinar\u0103 a grupurilor de lucru pentru educa\u0163ie cu participarea reprezentan\u0163ilor din cadrul formatului de negocieri \u201e5+2\u201d. Delega\u0163ia din partea Chi\u015fin\u0103ului a fost condus\u0103 de Valentin Crudu, coordonator interimar al grupului de lucru. Participan\u0163ii la \u015fedin\u0163\u0103 au discutat un spectru larg&#8230;<\/p>\n","protected":false},"author":2,"featured_media":0,"comment_status":"closed","ping_status":"open","sticky":false,"template":"","format":"standard","meta":[],"categories":[1],"tags":[],"_links":{"self":[{"href":"https:\/\/centers.ulbsibiu.ro\/ccsprise\/lact\/wp-json\/wp\/v2\/posts\/3567"}],"collection":[{"href":"https:\/\/centers.ulbsibiu.ro\/ccsprise\/lact\/wp-json\/wp\/v2\/posts"}],"about":[{"href":"https:\/\/centers.ulbsibiu.ro\/ccsprise\/lact\/wp-json\/wp\/v2\/types\/post"}],"author":[{"embeddable":true,"href":"https:\/\/centers.ulbsibiu.ro\/ccsprise\/lact\/wp-json\/wp\/v2\/users\/2"}],"replies":[{"embeddable":true,"href":"https:\/\/centers.ulbsibiu.ro\/ccsprise\/lact\/wp-json\/wp\/v2\/comments?post=3567"}],"version-history":[{"count":2,"href":"https:\/\/centers.ulbsibiu.ro\/ccsprise\/lact\/wp-json\/wp\/v2\/posts\/3567\/revisions"}],"predecessor-version":[{"id":3569,"href":"https:\/\/centers.ulbsibiu.ro\/ccsprise\/lact\/wp-json\/wp\/v2\/posts\/3567\/revisions\/3569"}],"wp:attachment":[{"href":"https:\/\/centers.ulbsibiu.ro\/ccsprise\/lact\/wp-json\/wp\/v2\/media?parent=3567"}],"wp:term":[{"taxonomy":"category","embeddable":true,"href":"https:\/\/centers.ulbsibiu.ro\/ccsprise\/lact\/wp-json\/wp\/v2\/categories?post=3567"},{"taxonomy":"post_tag","embeddable":true,"href":"https:\/\/centers.ulbsibiu.ro\/ccsprise\/lact\/wp-json\/wp\/v2\/tags?post=3567"}],"curies":[{"name":"wp","href":"https:\/\/api.w.org\/{rel}","templated":true}]}}