{"id":3557,"date":"2017-10-10T20:10:07","date_gmt":"2017-10-10T18:10:07","guid":{"rendered":"https:\/\/centers.ulbsibiu.ro\/ccsprise\/lact\/?p=3557"},"modified":"2017-10-10T20:10:07","modified_gmt":"2017-10-10T18:10:07","slug":"10-10-2017-presedintele-vladimir-putin-spune-ca-rusia-va-continua-sa-fie-garantul-acordurilor-ce-vor-duce-in-final-la-solutionarea-crizei-transnistrene","status":"publish","type":"post","link":"https:\/\/centers.ulbsibiu.ro\/ccsprise\/lact\/10-10-2017-presedintele-vladimir-putin-spune-ca-rusia-va-continua-sa-fie-garantul-acordurilor-ce-vor-duce-in-final-la-solutionarea-crizei-transnistrene\/","title":{"rendered":"10.10.2017: Pre\u0219edintele Vladimir Putin spune c\u0103 Rusia va continua s\u0103 fie garantul acordurilor ce vor duce, \u00een final, la solu\u021bionarea crizei transnistrene"},"content":{"rendered":"<p>Rusia va continua s\u0103 fie garantul acordurilor care vor duce, \u00een final, la solu\u021bionarea crizei transnistrene, a declarat mar\u021bi pre\u0219edintele rus Vladimir Putin, citat de <em>Interfax<\/em>. \u00cen cursul \u00eentrevederii de la Soci cu pre\u0219edintele Igor Dodon, \u00een marginea summitului CSI, Putin a mai declarat c\u0103 problema transnistrean\u0103 trebuie s\u0103 fie rezolvat\u0103 \u201eodat\u0103 \u0219i pentru totdeauna\u201d, spre binele oamenilor care locuiesc acolo.<\/p>\n<p>Pre\u0219edintele Dodon, pe de alt\u0103 parte, a declarat c\u0103 autorit\u0103\u021bile de la Chi\u0219in\u0103u au oferit deja solu\u021bii pentru o serie de probleme punctuale, cum ar fi recunoa\u0219terea diplomelor sau pl\u0103cu\u021bele de \u00eenmatriculare, care ar putea fi solu\u021bionate \u201es\u0103pt\u0103m\u00e2nile viitoare\u201d. O solu\u021bie de lung\u0103 durat\u0103, a mai declarat Igor Dodon, citat de <em>Interfax<\/em>, nu va putea fi g\u0103sit\u0103 dec\u00e2t dup\u0103 alegerile generale de anul viitor.<\/p>\n<p>Sursa:<\/p>\n<p>https:\/\/www.europalibera.org\/a\/28785041.html<\/p>\n","protected":false},"excerpt":{"rendered":"<p>Rusia va continua s\u0103 fie garantul acordurilor care vor duce, \u00een final, la solu\u021bionarea crizei transnistrene, a declarat mar\u021bi pre\u0219edintele rus Vladimir Putin, citat de Interfax. \u00cen cursul \u00eentrevederii de la Soci cu pre\u0219edintele Igor Dodon, \u00een marginea summitului CSI, Putin a mai declarat c\u0103 problema transnistrean\u0103 trebuie s\u0103 fie rezolvat\u0103 \u201eodat\u0103 \u0219i pentru totdeauna\u201d,&#8230;<\/p>\n","protected":false},"author":2,"featured_media":0,"comment_status":"closed","ping_status":"open","sticky":false,"template":"","format":"standard","meta":[],"categories":[1],"tags":[],"_links":{"self":[{"href":"https:\/\/centers.ulbsibiu.ro\/ccsprise\/lact\/wp-json\/wp\/v2\/posts\/3557"}],"collection":[{"href":"https:\/\/centers.ulbsibiu.ro\/ccsprise\/lact\/wp-json\/wp\/v2\/posts"}],"about":[{"href":"https:\/\/centers.ulbsibiu.ro\/ccsprise\/lact\/wp-json\/wp\/v2\/types\/post"}],"author":[{"embeddable":true,"href":"https:\/\/centers.ulbsibiu.ro\/ccsprise\/lact\/wp-json\/wp\/v2\/users\/2"}],"replies":[{"embeddable":true,"href":"https:\/\/centers.ulbsibiu.ro\/ccsprise\/lact\/wp-json\/wp\/v2\/comments?post=3557"}],"version-history":[{"count":1,"href":"https:\/\/centers.ulbsibiu.ro\/ccsprise\/lact\/wp-json\/wp\/v2\/posts\/3557\/revisions"}],"predecessor-version":[{"id":3558,"href":"https:\/\/centers.ulbsibiu.ro\/ccsprise\/lact\/wp-json\/wp\/v2\/posts\/3557\/revisions\/3558"}],"wp:attachment":[{"href":"https:\/\/centers.ulbsibiu.ro\/ccsprise\/lact\/wp-json\/wp\/v2\/media?parent=3557"}],"wp:term":[{"taxonomy":"category","embeddable":true,"href":"https:\/\/centers.ulbsibiu.ro\/ccsprise\/lact\/wp-json\/wp\/v2\/categories?post=3557"},{"taxonomy":"post_tag","embeddable":true,"href":"https:\/\/centers.ulbsibiu.ro\/ccsprise\/lact\/wp-json\/wp\/v2\/tags?post=3557"}],"curies":[{"name":"wp","href":"https:\/\/api.w.org\/{rel}","templated":true}]}}