{"id":3554,"date":"2017-10-10T20:06:31","date_gmt":"2017-10-10T18:06:31","guid":{"rendered":"https:\/\/centers.ulbsibiu.ro\/ccsprise\/lact\/?p=3554"},"modified":"2017-10-10T20:07:30","modified_gmt":"2017-10-10T18:07:30","slug":"10-10-2017-activistii-civici-din-transnistria-sunt-indignati-ca-o-parte-din-colegii-lor-au-participat-la-intalnirea-cu-presedintele-moldovei","status":"publish","type":"post","link":"https:\/\/centers.ulbsibiu.ro\/ccsprise\/lact\/10-10-2017-activistii-civici-din-transnistria-sunt-indignati-ca-o-parte-din-colegii-lor-au-participat-la-intalnirea-cu-presedintele-moldovei\/","title":{"rendered":"10.10.2017: ACTIVI\u015eTII CIVICI DIN TRANSNISTRIA SUNT INDIGNA\u0162I C\u0102 O PARTE DIN COLEGII LOR AU PARTICIPAT LA \u00ceNT\u00c2LNIREA CU PRE\u015eEDINTELE MOLDOVEI"},"content":{"rendered":"<p>Activi\u015ftii civici din autoproclamata RMN sunt indigna\u0163i c\u0103 \u201eo parte din reprezentan\u0163ii societ\u0103\u0163ii civile din Transnistria au participat s\u00e2mb\u0103t\u0103 la \u00eent\u00e2lnirea cu Pre\u015fedintele Moldovei, Igor Dodon, pentru a dezvolta ideea cre\u0103rii unei platforme civice pentru \u00eemp\u0103care \u015fi conciliere \u00eentre cele dou\u0103 maluri ale Nistrului\u201d.<\/p>\n<p>Potrivit agen\u0163iei INFOTAG cu referire la presa local\u0103, copre\u015fedintele consiliului coordonator al Forumului popular general transnistrean, Iurii Ceban, \u015fi-a exprimat nedumerirea \u00een privin\u0163a faptului \u201ecine i-a delegat \u015fi i-a \u00eemputernicit pe ace\u015fti oameni, \u00een special, pe liderul Partidului Comunist Transnistrean, Oleg Horjan, de a expune opinia din partea \u00eentregii societ\u0103\u0163i a RMN\u201d.<\/p>\n<p>Deputatul Andrei Safonov a criticat ac\u0163iunea colegului s\u0103u din Sovietul Suprem, amintind c\u0103 \u201enu se desf\u0103\u015foar\u0103 la nivel oficial \u00eent\u00e2lniri cu Chi\u0219in\u0103ul, Moldova s-a pronun\u0163at pentru blocarea Transnistriei \u0219i a instalat posturi comune cu Ucraina la grani\u021ba republicii\u201d.<\/p>\n<p>\u00cen opinia redactorul ziarului \u201eOmul \u0219i drepturile lui\u201d, Nikolai Bucea\u0163ki, \u00eent\u00e2lnirea cu Dodon este un demersul nu numai al lui Horjan, ci este o for\u021b\u0103 destul de mare care a r\u0103mas \u00een Transnistria, este blocul lui \u015eevciuk (fostul pre\u0219edinte al RMN \u2013 \u201eI.\u201d) \u2013 Horjan\u201d.<\/p>\n<p>Participan\u021bii la \u0219edin\u021ba consiliului or\u0103\u015fenesc Bender au calificat \u00eent\u00e2lnirea la Holercani drept \u201eo situa\u0163ie excep\u0163ional\u0103 \u00een via\u021ba Transnistriei\u201d.<\/p>\n<p>\u201ePrintre ace\u0219ti oameni care au participat la a\u0219a-numitele negocieri sau \u00eent\u00e2lnire a fost \u0219i un membru al consiliului or\u0103\u0219enesc al circumscrip\u0163iei nr. 17, Iurii Bularga, care nu a primit nici o permisiune, nici o autoriza\u021bie, nicio \u00eemputernicire pentru a reprezenta Benderul \u0219i locuitorii s\u0103i la astfel de \u00eent\u00e2lniri\u201d, s-a indignat pre\u0219edintele Consiliului or\u0103\u015fenesc Bender, Iurii Cara.<\/p>\n<p>Activistul din Bender, Constantin Smogorjevski, a sugerat ca acest act \u201es\u0103 fie evaluat juridic, iar ace\u0219ti tovar\u0103\u0219i s\u0103 fie pedepsi\u0163i\u201d.<\/p>\n<p>La \u015fedin\u0163a activi\u015ftilor civici s-a decis s\u0103 fie expediat\u0103 o scrisoare c\u0103tre comisia de etic\u0103 a Sovietului Suprem, pentru ca deputa\u021bii s\u0103 dea o evaluare ac\u0163iunilor colegului lor, Oleg Horjan.<\/p>\n<p>Dup\u0103 cum a informat anterior INFOTAG, Pre\u015fedintele Igor Dodon a avut s\u00e2mb\u0103t\u0103 o \u00eent\u00e2lnire neformal\u0103 cu reprezentan\u0163ii societ\u0103\u0163ii civile din Transnistria \u201e\u00een contextul dezvolt\u0103rii ideii privind crearea unei Platforme de dialog social pentru \u00eemp\u0103care \u015fi conciliere \u00eentre cele dou\u0103 maluri ale Nistrului, idee sus\u0163inut\u0103 \u0219i de conduc\u0103torul Bisericii Ortodoxe Ruse, Patriarhul Kiril\u201d. \u201eAm discutat situa\u0163ia actual\u0103 cu privire la Transnistria, precum \u015fi problemele cu caracter politic, economic \u015fi social. Locuitorii Transnistriei au sus\u021binut propunerea de a promova ini\u0163iative constructive ce \u0163in de solu\u0163ionarea problemelor sociale, umanitare \u015fi economice, cu care se confrunt\u0103 cet\u0103\u0163enii de r\u00e2nd \u015fi pe oamenii de afaceri din Transnistria. \u00cen special, este vorba despre chestiuni legate de cet\u0103\u021benie, eviden\u021ba actelor de stare civil\u0103, \u00eenlesniri la procurarea poli\u021bei de asigurare medical\u0103\u201d, a scris Dodon pe re\u0163elele de socializare dup\u0103 \u00eent\u00e2lnire.<\/p>\n<p>Sursa:<\/p>\n<p><a href=\"http:\/\/www.infotag.md\/rebelion-ro\/253180\/\">http:\/\/www.infotag.md\/rebelion-ro\/253180\/<\/a><\/p>\n","protected":false},"excerpt":{"rendered":"<p>Activi\u015ftii civici din autoproclamata RMN sunt indigna\u0163i c\u0103 \u201eo parte din reprezentan\u0163ii societ\u0103\u0163ii civile din Transnistria au participat s\u00e2mb\u0103t\u0103 la \u00eent\u00e2lnirea cu Pre\u015fedintele Moldovei, Igor Dodon, pentru a dezvolta ideea cre\u0103rii unei platforme civice pentru \u00eemp\u0103care \u015fi conciliere \u00eentre cele dou\u0103 maluri ale Nistrului\u201d. Potrivit agen\u0163iei INFOTAG cu referire la presa local\u0103, copre\u015fedintele consiliului coordonator&#8230;<\/p>\n","protected":false},"author":2,"featured_media":0,"comment_status":"closed","ping_status":"open","sticky":false,"template":"","format":"standard","meta":[],"categories":[1],"tags":[],"_links":{"self":[{"href":"https:\/\/centers.ulbsibiu.ro\/ccsprise\/lact\/wp-json\/wp\/v2\/posts\/3554"}],"collection":[{"href":"https:\/\/centers.ulbsibiu.ro\/ccsprise\/lact\/wp-json\/wp\/v2\/posts"}],"about":[{"href":"https:\/\/centers.ulbsibiu.ro\/ccsprise\/lact\/wp-json\/wp\/v2\/types\/post"}],"author":[{"embeddable":true,"href":"https:\/\/centers.ulbsibiu.ro\/ccsprise\/lact\/wp-json\/wp\/v2\/users\/2"}],"replies":[{"embeddable":true,"href":"https:\/\/centers.ulbsibiu.ro\/ccsprise\/lact\/wp-json\/wp\/v2\/comments?post=3554"}],"version-history":[{"count":2,"href":"https:\/\/centers.ulbsibiu.ro\/ccsprise\/lact\/wp-json\/wp\/v2\/posts\/3554\/revisions"}],"predecessor-version":[{"id":3556,"href":"https:\/\/centers.ulbsibiu.ro\/ccsprise\/lact\/wp-json\/wp\/v2\/posts\/3554\/revisions\/3556"}],"wp:attachment":[{"href":"https:\/\/centers.ulbsibiu.ro\/ccsprise\/lact\/wp-json\/wp\/v2\/media?parent=3554"}],"wp:term":[{"taxonomy":"category","embeddable":true,"href":"https:\/\/centers.ulbsibiu.ro\/ccsprise\/lact\/wp-json\/wp\/v2\/categories?post=3554"},{"taxonomy":"post_tag","embeddable":true,"href":"https:\/\/centers.ulbsibiu.ro\/ccsprise\/lact\/wp-json\/wp\/v2\/tags?post=3554"}],"curies":[{"name":"wp","href":"https:\/\/api.w.org\/{rel}","templated":true}]}}