{"id":3552,"date":"2017-10-10T20:02:29","date_gmt":"2017-10-10T18:02:29","guid":{"rendered":"https:\/\/centers.ulbsibiu.ro\/ccsprise\/lact\/?p=3552"},"modified":"2017-10-10T20:02:29","modified_gmt":"2017-10-10T18:02:29","slug":"10-10-2017-basescu-a-dezvaluit-cand-poate-fi-solutionat-diferendul-transnistrean-i-am-spus-asta-presedintelui-obama-si-vicepresedintelui-biden","status":"publish","type":"post","link":"https:\/\/centers.ulbsibiu.ro\/ccsprise\/lact\/10-10-2017-basescu-a-dezvaluit-cand-poate-fi-solutionat-diferendul-transnistrean-i-am-spus-asta-presedintelui-obama-si-vicepresedintelui-biden\/","title":{"rendered":"10.10.2017: B\u0103sescu a DEZV\u0102LUIT c\u00e2nd poate fi solu\u021bionat diferendul transnistrean: \u201eI-am spus asta pre\u0219edintelui Obama \u0219i vicepre\u0219edintelui Biden\u201d"},"content":{"rendered":"<p>Fostul pre\u0219edinte al Rom\u00e2niei, Traian B\u0103sescu, consider\u0103 c\u0103 diferendul transnistrean nu va fi solu\u021bionat niciodat\u0103 \u00een formatul de negocieri 5+2, deoarece acest format \u201eeste \u00eenghe\u021bat\u201d \u0219i le-a permis separati\u0219tilor s\u0103 se consolideze. O solu\u021bie \u00een solu\u021bionarea acestui conflict \u00eenghe\u021bat, \u00een opinia lui B\u0103sescu, va putea fi identificat\u0103 doar atunci c\u00e2nd se va pune problema Unirii R. Moldova cu Rom\u00e2nia.<\/p>\n<p>Potrivit sursei citate, Moscova niciodat\u0103 nu a spus c\u0103 e \u00eempotriva Unirii celor dou\u0103 state rom\u00e2ne\u0219ti, chiar dac\u0103 a cunoscut mereu despre aceast\u0103 tendin\u021b\u0103. \u201eUrsul de la Moscova, de\u0219i tot timpul a \u0219tiut tendin\u021bele, adic\u0103 obiectivul pe termen lung (Unirea n.r) c\u00e2t am fost pre\u0219edintele Rom\u00e2niei, niciodat\u0103 nu a spus nu. Este adev\u0103rat c\u0103 niciodat\u0103 nu mi-am cerut voie de la ei. Probabil c\u0103 baiul \u00eencepe de la Nistru \u00eencoace. M\u0103 refer la Transnistria, care va trebui s\u0103 fie un mare subiect de negociere. Aceste negocieri nu trebuie f\u0103cute \u00een doi, trei, ci \u00een mai mul\u021bi. Transnistria este din punct de vedere strategic un Kaliningrad pe flancul sud-estic al NATO \u0219i UE\u201d, a declarat B\u0103sescu \u00een cadrul unei emisiuni televizate la Chi\u0219in\u0103u.<\/p>\n<p>Fostul pre\u0219edinte a precizat c\u0103 pentru solu\u021bionarea conflictului transnistrean sunt necesare negocieri, doar c\u0103 nu \u00een formatul 5+2, sau s\u0103 se discute despre federalizarea R. Moldova.<br \/>\n<ins class=\"adsbygoogle\" data-ad-layout=\"in-article\" data-ad-format=\"fluid\" data-ad-client=\"ca-pub-8819619377572069\" data-ad-slot=\"1828436003\"><\/ins><\/p>\n<p>\u201eE nevoie de negocieri pentru a g\u0103si o solu\u021bie, dar numai nu \u00een formatul 5+2. Dac\u0103 se merge pe formula federaliz\u0103rii, atunci s-a terminat cu R. Moldova. Pentru Transnistria nu exist\u0103 dec\u00e2t o solu\u021bie \u0219i dec\u00e2t un singur moment c\u00e2nd acest lucru poate fi discutat serios \u0219i de a\u0219ezat la masa de tratative. Acest lucru se poate de discutat \u00een momentul \u00een care s-ar pune problema Unirii R. Moldova cu Rom\u00e2nia. P\u00e2n\u0103 atunci nu deranjeaz\u0103 pe nimeni, deoarece exist\u0103 acest conflict \u00eenghe\u021bat. Este un argument \u00een plus pentru UE s\u0103 spun\u0103 c\u0103 o \u021bar\u0103 nu poate adera at\u00e2t timp c\u00e2t sunt trupe str\u0103ine pe teritoriul acestui stat. Deci, eu i-am spus pre\u0219edintelui Obama, vicepre\u0219edintelui Biden \u0219i faimoasei doamne Nuland c\u0103 formatul 5+2 este un format de negocieri \u00eenghe\u021bat, ca \u0219i acest conflict. Acest format s-a transformat \u00eentr-un format de legitimare a ocupa\u021biei abuzive a Transnistriei. Oricine vrea s\u0103 scape de problema Transnistriei spune c\u0103 exist\u0103 formatul 5+2. Acest format le-a l\u0103sat tot timpul din lume separati\u0219tilor de la Tiraspol s\u0103-\u0219i formeze \u0219i s\u0103-\u0219i consolideze structurile. Acest format va fi perpetuat p\u00e2n\u0103 vom ajunge \u00een situa\u021bia de Unire a R. Moldova cu Rom\u00e2nia\u201d, a subliniat politicianul.<\/p>\n<p>Traian B\u0103sescu a mai ad\u0103ugat c\u0103 la masa negocierilor ar trebui s\u0103 fie Rusia, pentru c\u0103 are trupe de ocupa\u021bie \u00een st\u00e2nga Nistrului, Ucraina \u2013 pentru c\u0103 Transnistria a fost teritoriul ei, dat \u00een schimbul nordului \u0219i sudului Basarabiei, va trebui s\u0103 fie Rom\u00e2nia, R. Moldova, SUA \u0219i UE. \u201eTransnistria poate fi salvat\u0103 prin negocieri \u00een acest format. Depinde foarte mult de pozi\u021bia Ucrainei\u201d, a conchis fostul senatorul.<\/p>\n<p>Sursa:<\/p>\n<p><a href=\"http:\/\/www.ziarulnational.md\/basescu-a-dezvaluit-cand-poate-fi-solutionat-diferendul-transnistrean-i-am-spus-asta-presedintelui-obama-si-vicepresedintelui-biden\/\">http:\/\/www.ziarulnational.md\/basescu-a-dezvaluit-cand-poate-fi-solutionat-diferendul-transnistrean-i-am-spus-asta-presedintelui-obama-si-vicepresedintelui-biden\/<\/a><\/p>\n","protected":false},"excerpt":{"rendered":"<p>Fostul pre\u0219edinte al Rom\u00e2niei, Traian B\u0103sescu, consider\u0103 c\u0103 diferendul transnistrean nu va fi solu\u021bionat niciodat\u0103 \u00een formatul de negocieri 5+2, deoarece acest format \u201eeste \u00eenghe\u021bat\u201d \u0219i le-a permis separati\u0219tilor s\u0103 se consolideze. O solu\u021bie \u00een solu\u021bionarea acestui conflict \u00eenghe\u021bat, \u00een opinia lui B\u0103sescu, va putea fi identificat\u0103 doar atunci c\u00e2nd se va pune problema Unirii&#8230;<\/p>\n","protected":false},"author":2,"featured_media":0,"comment_status":"closed","ping_status":"open","sticky":false,"template":"","format":"standard","meta":[],"categories":[1],"tags":[],"_links":{"self":[{"href":"https:\/\/centers.ulbsibiu.ro\/ccsprise\/lact\/wp-json\/wp\/v2\/posts\/3552"}],"collection":[{"href":"https:\/\/centers.ulbsibiu.ro\/ccsprise\/lact\/wp-json\/wp\/v2\/posts"}],"about":[{"href":"https:\/\/centers.ulbsibiu.ro\/ccsprise\/lact\/wp-json\/wp\/v2\/types\/post"}],"author":[{"embeddable":true,"href":"https:\/\/centers.ulbsibiu.ro\/ccsprise\/lact\/wp-json\/wp\/v2\/users\/2"}],"replies":[{"embeddable":true,"href":"https:\/\/centers.ulbsibiu.ro\/ccsprise\/lact\/wp-json\/wp\/v2\/comments?post=3552"}],"version-history":[{"count":1,"href":"https:\/\/centers.ulbsibiu.ro\/ccsprise\/lact\/wp-json\/wp\/v2\/posts\/3552\/revisions"}],"predecessor-version":[{"id":3553,"href":"https:\/\/centers.ulbsibiu.ro\/ccsprise\/lact\/wp-json\/wp\/v2\/posts\/3552\/revisions\/3553"}],"wp:attachment":[{"href":"https:\/\/centers.ulbsibiu.ro\/ccsprise\/lact\/wp-json\/wp\/v2\/media?parent=3552"}],"wp:term":[{"taxonomy":"category","embeddable":true,"href":"https:\/\/centers.ulbsibiu.ro\/ccsprise\/lact\/wp-json\/wp\/v2\/categories?post=3552"},{"taxonomy":"post_tag","embeddable":true,"href":"https:\/\/centers.ulbsibiu.ro\/ccsprise\/lact\/wp-json\/wp\/v2\/tags?post=3552"}],"curies":[{"name":"wp","href":"https:\/\/api.w.org\/{rel}","templated":true}]}}