{"id":3550,"date":"2017-10-09T18:16:29","date_gmt":"2017-10-09T16:16:29","guid":{"rendered":"https:\/\/centers.ulbsibiu.ro\/ccsprise\/lact\/?p=3550"},"modified":"2017-10-09T18:16:29","modified_gmt":"2017-10-09T16:16:29","slug":"09-10-2017-seful-misiunii-osce-e-timpul-pentru-solutii-concrete-in-reglementarea-transnistreana","status":"publish","type":"post","link":"https:\/\/centers.ulbsibiu.ro\/ccsprise\/lact\/09-10-2017-seful-misiunii-osce-e-timpul-pentru-solutii-concrete-in-reglementarea-transnistreana\/","title":{"rendered":"09.10.2017: \u015eEFUL MISIUNII OSCE: E TIMPUL PENTRU SOLU\u0162II CONCRETE \u00ceN REGLEMENTAREA TRANSNISTREAN\u0102"},"content":{"rendered":"<p>E timpul pentru solu\u0163ii concrete \u00een reglementarea transnistrean\u0103, sus\u0163ine \u015feful Misiunii OSCE \u00een Moldova, Michael Scanlan.<\/p>\n<p>Potrivit agen\u0163iei INFOTAG cu referire la site-ul liderului de la Tiraspol, despre aceasta el a declarat vineri, la \u00eentrevederea cu pre\u015fedintele autoproclamatei RMN, Vadim Krasnoselski.<\/p>\n<p>\u00cen opinia sa, \u201erezultatul nu se va l\u0103sa mult a\u015fteptat\u201d.<\/p>\n<p>Diplomatul a \u00eemp\u0103rt\u0103\u0219it opinia interlocutorului c\u0103 \u201enu exist\u0103 niciun motiv de a vorbi despre imposibilitatea de a ajunge la solu\u021bionarea problemelor care sunt importante pentru via\u021ba oamenilor\u201d.<\/p>\n<p>Krasnoselski a spus c\u0103 \u201eapreciaz\u0103 dialogul continuu cu OSCE \u0219i mizeaz\u0103 pe participarea activ\u0103 a Organiza\u021biei la activit\u0103\u021bile procesului de negocieri dintre Transnistria \u0219i Republica Moldova\u201d.<\/p>\n<p>\u201eDiscutarea anumitor probleme se \u00eendreapt\u0103 spre linia de sosire. Vreau s\u0103 men\u0163ionez iar\u0103\u015fi c\u0103 este prea devreme s\u0103 vorbim despre construirea modelelor politice. Dar exist\u0103 probleme de solu\u0163ionarea c\u0103rora depinde via\u021ba unui mare num\u0103r de oameni. Anume acestea trebuie discutate \u015fi solu\u0163ionate\u201d, consider\u0103 liderul de la Tiraspol.<\/p>\n<p>Sursa:<\/p>\n<p><a href=\"http:\/\/www.infotag.md\/rebelion-ro\/253042\/\">http:\/\/www.infotag.md\/rebelion-ro\/253042\/<\/a><\/p>\n","protected":false},"excerpt":{"rendered":"<p>E timpul pentru solu\u0163ii concrete \u00een reglementarea transnistrean\u0103, sus\u0163ine \u015feful Misiunii OSCE \u00een Moldova, Michael Scanlan. Potrivit agen\u0163iei INFOTAG cu referire la site-ul liderului de la Tiraspol, despre aceasta el a declarat vineri, la \u00eentrevederea cu pre\u015fedintele autoproclamatei RMN, Vadim Krasnoselski. \u00cen opinia sa, \u201erezultatul nu se va l\u0103sa mult a\u015fteptat\u201d. Diplomatul a \u00eemp\u0103rt\u0103\u0219it opinia&#8230;<\/p>\n","protected":false},"author":2,"featured_media":0,"comment_status":"closed","ping_status":"open","sticky":false,"template":"","format":"standard","meta":[],"categories":[1],"tags":[],"_links":{"self":[{"href":"https:\/\/centers.ulbsibiu.ro\/ccsprise\/lact\/wp-json\/wp\/v2\/posts\/3550"}],"collection":[{"href":"https:\/\/centers.ulbsibiu.ro\/ccsprise\/lact\/wp-json\/wp\/v2\/posts"}],"about":[{"href":"https:\/\/centers.ulbsibiu.ro\/ccsprise\/lact\/wp-json\/wp\/v2\/types\/post"}],"author":[{"embeddable":true,"href":"https:\/\/centers.ulbsibiu.ro\/ccsprise\/lact\/wp-json\/wp\/v2\/users\/2"}],"replies":[{"embeddable":true,"href":"https:\/\/centers.ulbsibiu.ro\/ccsprise\/lact\/wp-json\/wp\/v2\/comments?post=3550"}],"version-history":[{"count":1,"href":"https:\/\/centers.ulbsibiu.ro\/ccsprise\/lact\/wp-json\/wp\/v2\/posts\/3550\/revisions"}],"predecessor-version":[{"id":3551,"href":"https:\/\/centers.ulbsibiu.ro\/ccsprise\/lact\/wp-json\/wp\/v2\/posts\/3550\/revisions\/3551"}],"wp:attachment":[{"href":"https:\/\/centers.ulbsibiu.ro\/ccsprise\/lact\/wp-json\/wp\/v2\/media?parent=3550"}],"wp:term":[{"taxonomy":"category","embeddable":true,"href":"https:\/\/centers.ulbsibiu.ro\/ccsprise\/lact\/wp-json\/wp\/v2\/categories?post=3550"},{"taxonomy":"post_tag","embeddable":true,"href":"https:\/\/centers.ulbsibiu.ro\/ccsprise\/lact\/wp-json\/wp\/v2\/tags?post=3550"}],"curies":[{"name":"wp","href":"https:\/\/api.w.org\/{rel}","templated":true}]}}