{"id":3545,"date":"2017-10-07T10:45:51","date_gmt":"2017-10-07T08:45:51","guid":{"rendered":"https:\/\/centers.ulbsibiu.ro\/ccsprise\/lact\/?p=3545"},"modified":"2017-10-07T10:45:51","modified_gmt":"2017-10-07T08:45:51","slug":"06-10-2017-activitatea-cuc-inregistreaza-o-dinamica-pozitiva-timida","status":"publish","type":"post","link":"https:\/\/centers.ulbsibiu.ro\/ccsprise\/lact\/06-10-2017-activitatea-cuc-inregistreaza-o-dinamica-pozitiva-timida\/","title":{"rendered":"06.10.2017: Activitatea CUC \u00eenregistreaz\u0103 o dinamic\u0103 pozitiv\u0103 timid\u0103"},"content":{"rendered":"<p align=\"JUSTIFY\">La 5 octombrie curent, \u00een or. Bender a avut loc o nou\u0103 \u015fedin\u0163\u0103 a Comisiei Unificate de Control, care a fost prezidat\u0103 de delega\u0163ia regiunii transnistrene.<\/p>\n<p align=\"JUSTIFY\">Ordinea de zi a \u015fedin\u0163ei a cuprins dou\u0103 subiecte: chestiuni organizatorice \u015fi raportul Comandamentului Militar \u00centrunit privind situa\u0163ia din Zona de securitate.<\/p>\n<p lang=\"ro-MD\" xml:lang=\"ro-MD\" align=\"JUSTIFY\">La primul subiect de pe ordinea de zi, la solicitarea delega\u0163iei regiunii transnistrene, Comisia Unificat\u0103 de Control a aprobat un observator militar nou \u2013 c\u0103pitanul Petrov Nicolai, care l-a substituit \u00een aceast\u0103 func\u0163ie pe lt.col Liceacov Alexandr.<\/p>\n<p align=\"JUSTIFY\">La cel de-al doilea subiect, Comisia Unificat\u0103 de Control a audiat \u015fi aprobat raportul Comandamentului Militar \u00centrunit privind situa\u0163ia \u00een Zona de securitate pentru perioada 27.09 \u2013 03.10.2017.<\/p>\n<p align=\"JUSTIFY\">Totodat\u0103, este de men\u0163ionat c\u0103 \u00een contextul demersului Ambasadorului Federa\u0163iei Ruse \u00een Republica Moldova Farit Muhamet\u015fin, difuzat \u00een \u015fedin\u0163a din 29 iunie curent, \u015feful delega\u0163iei Federa\u0163iei Ruse \u00een CUC Ilia Uvarov a propus organizarea unei \u00eentruniri comune a copre\u015fedin\u0163ilor CUC \u015fi a \u015fefilor superiori ai Contingentelor militare ale p\u0103r\u0163ilor. \u00centrunirea \u00een cauz\u0103 va avea drept obiectiv preg\u0103tirea dezbaterilor pe marginea restan\u0163elor de pe agenda CUC \u015fi a consult\u0103rilor cu privire la eficientizarea activit\u0103\u0163ii Comandamentului Militar \u00centrunit \u015fi \u00een special a observatorilor militari. \u00cen context, delega\u0163ia moldoveneasc\u0103 a insistat ca la aceast\u0103 \u00eentrunire s\u0103 participe reprezentan\u0163ii Ucrainei \u015fi ai Misiunii OSCE \u00een Moldova, propunere acceptat\u0103 \u00een mod unanim \u015fi preconizat\u0103 pentru 10 octombrie curent.<\/p>\n<p lang=\"ro-MD\" xml:lang=\"ro-MD\" align=\"JUSTIFY\">Urm\u0103toarea \u015fedin\u0163\u0103 a Comisiei Unificate de Control va avea loc pe data de 12 octombrie 2017.<\/p>\n<p align=\"JUSTIFY\">\nDelega\u0163ia Republicii Moldova \u00een CUC<\/p>\n<p align=\"JUSTIFY\">\n<p align=\"JUSTIFY\">Sursa:<\/p>\n<p align=\"JUSTIFY\">http:\/\/gov.md\/ro\/content\/activitatea-cuc-inregistreaza-o-dinamica-pozitiva-timida<\/p>\n","protected":false},"excerpt":{"rendered":"<p>La 5 octombrie curent, \u00een or. Bender a avut loc o nou\u0103 \u015fedin\u0163\u0103 a Comisiei Unificate de Control, care a fost prezidat\u0103 de delega\u0163ia regiunii transnistrene. Ordinea de zi a \u015fedin\u0163ei a cuprins dou\u0103 subiecte: chestiuni organizatorice \u015fi raportul Comandamentului Militar \u00centrunit privind situa\u0163ia din Zona de securitate. La primul subiect de pe ordinea de&#8230;<\/p>\n","protected":false},"author":2,"featured_media":0,"comment_status":"closed","ping_status":"open","sticky":false,"template":"","format":"standard","meta":[],"categories":[1],"tags":[],"_links":{"self":[{"href":"https:\/\/centers.ulbsibiu.ro\/ccsprise\/lact\/wp-json\/wp\/v2\/posts\/3545"}],"collection":[{"href":"https:\/\/centers.ulbsibiu.ro\/ccsprise\/lact\/wp-json\/wp\/v2\/posts"}],"about":[{"href":"https:\/\/centers.ulbsibiu.ro\/ccsprise\/lact\/wp-json\/wp\/v2\/types\/post"}],"author":[{"embeddable":true,"href":"https:\/\/centers.ulbsibiu.ro\/ccsprise\/lact\/wp-json\/wp\/v2\/users\/2"}],"replies":[{"embeddable":true,"href":"https:\/\/centers.ulbsibiu.ro\/ccsprise\/lact\/wp-json\/wp\/v2\/comments?post=3545"}],"version-history":[{"count":1,"href":"https:\/\/centers.ulbsibiu.ro\/ccsprise\/lact\/wp-json\/wp\/v2\/posts\/3545\/revisions"}],"predecessor-version":[{"id":3546,"href":"https:\/\/centers.ulbsibiu.ro\/ccsprise\/lact\/wp-json\/wp\/v2\/posts\/3545\/revisions\/3546"}],"wp:attachment":[{"href":"https:\/\/centers.ulbsibiu.ro\/ccsprise\/lact\/wp-json\/wp\/v2\/media?parent=3545"}],"wp:term":[{"taxonomy":"category","embeddable":true,"href":"https:\/\/centers.ulbsibiu.ro\/ccsprise\/lact\/wp-json\/wp\/v2\/categories?post=3545"},{"taxonomy":"post_tag","embeddable":true,"href":"https:\/\/centers.ulbsibiu.ro\/ccsprise\/lact\/wp-json\/wp\/v2\/tags?post=3545"}],"curies":[{"name":"wp","href":"https:\/\/api.w.org\/{rel}","templated":true}]}}