{"id":3541,"date":"2017-10-07T08:57:12","date_gmt":"2017-10-07T06:57:12","guid":{"rendered":"https:\/\/centers.ulbsibiu.ro\/ccsprise\/lact\/?p=3541"},"modified":"2017-10-07T08:57:12","modified_gmt":"2017-10-07T06:57:12","slug":"07-10-2017-guvernul-de-la-kiev-a-aprobat-instituirea-tuturor-punctelor-comune-pe-sectorul-transnistrean","status":"publish","type":"post","link":"https:\/\/centers.ulbsibiu.ro\/ccsprise\/lact\/07-10-2017-guvernul-de-la-kiev-a-aprobat-instituirea-tuturor-punctelor-comune-pe-sectorul-transnistrean\/","title":{"rendered":"07.10.2017: Guvernul de la Kiev a aprobat instituirea tuturor punctelor comune pe sectorul transnistrean"},"content":{"rendered":"<p><strong>Guvernul ucrainean a aprobat ieri Acordul privind controlul comun la frontiera de stat cu Republica Moldova, transmiste serviciul de pres\u0103 al Guvernului de la Kiev. Acordul urmeaz\u0103 s\u0103 fie semnat de c\u0103tre prim-ministru Republicii Moldova, Pavel Filip, \u0219i prim-ministrul Ucrainei, Volodimir Groisman, care va efectua o vizit\u0103 oficial\u0103 la Chi\u0219in\u0103u pe 6 octombrie.<\/strong><\/p>\n<p>Conform procedurii, dup\u0103 semnarea Acordului de c\u0103tre cei doi prim-mini\u0219tri, urmeaz\u0103 ratificarea documentului de c\u0103tre Rad\u0103, dup\u0103 care se va putea purcede la instituirea celorlalte <strong>12 puncte comune<\/strong> de pe sectorul transnistrean al frontierei.<\/p>\n<p>Un control similar se efectueaz\u0103 deja de mai mul\u0163i ani \u00een punctele de trecere a frontierei moldo-ucrainene \u201eBriceni-Roso\u015fen\u00ee\u201d, \u201eCriva-Mamal\u00eega\u201d, \u201eLarga-Kelmen\u0163\u00ee\u201d \u015fi \u201eGiurgiule\u015fti-Reni\u201d.<\/p>\n<p>\u00cen scopul contracar\u0103rii eficiente a migra\u021biei ilegale \u0219i a activit\u0103\u021bilor ilegale cele dou\u0103 p\u0103r\u021bi au convenit s\u0103 instituie controlulul comun \u0219i pe sectorul transnistrean al frontierei. Un astfel de control se desf\u0103\u0219oar\u0103 de c\u00e2teva luni la punctul Cuciurgan-Pervomaisk, de pe segmentul transnistrean al frontierei moldo-ucrainene, <a href=\"http:\/\/www.kmu.gov.ua\/control\/uk\/publish\/article?art_id=250321376&amp;cat_id=244276429\">precizeaz\u0103 autorit\u0103\u021bile ucrainene.<\/a><\/p>\n<p>Acest sistem, controlul \u00een comun, va \u00eembun\u0103t\u0103\u021bi interac\u021biunea dintre serviciile de frontier\u0103 \u0219i serviciile vamale din Ucraina \u0219i Republica Moldova, va spori schimbul de m\u0103rfuri \u0219i va simplifica procedura de trecere a frontierei pentru cet\u0103\u021benii ambelor state.<\/p>\n<p>Acordul va fi \u00eencheiat pentru o perioad\u0103 de cinci ani \u0219i poate fi prelungit automat dac\u0103 niciuna dintre p\u0103r\u021bi nu transmite o notificare scris\u0103 cu privire la inten\u021bia de a-l denun\u021ba.<\/p>\n<p>Cele 13 puncte de trecere a frontierei pe sectorul transnistrean:<\/p>\n<p><strong>Acestea sunt cele opt puncte interstatale:<\/strong><\/p>\n<p>1. Hru\u0219ca-Co\u0219ni\u021ba (auto);<\/p>\n<p>2. Bor\u0219teni-Timkovo (auto);<\/p>\n<p>3. V\u0103r\u0103nc\u0103u-Stanislavka (auto);<\/p>\n<p>4. Colosova-Iosipovka (auto);<\/p>\n<p>5. Velikopolskoe-M\u0103l\u0103ie\u0219ti (auto);<\/p>\n<p>6. Blijnii Houtor-Slaveanosrbka (auto);<\/p>\n<p>7. Nezavertailovca-Gradin\u021b\u00ee (auto);<\/p>\n<p>8. Valea Turcului-Alexeevka (auto);<\/p>\n<p><strong>\u0218i cinci puncte de control interna\u021bionale:<\/strong><\/p>\n<p>1. Pervomaisc-Kuciurgan (aoto)-<strong>deja instituit.\u00a0<\/strong><\/p>\n<p>2. Goianul Nou-Platonovo (auto);<\/p>\n<p>3. Novosavi\u021bcaia-Kuciurgan (feroviar);<\/p>\n<p>4. Colbasna-Slobodka (feroviar);<\/p>\n<p>5. Hristovaia-Bolgan (auto).<\/p>\n<p>Sursa:<\/p>\n<p><a href=\"https:\/\/deschide.md\/ro\/stiri\/politic\/19138\/Guvernul-de-la-Kiev-a-aprobat-instituirea-tuturor-punctelor-comune-pe-sectorul-transnistrean.htm\">https:\/\/deschide.md\/ro\/stiri\/politic\/19138\/Guvernul-de-la-Kiev-a-aprobat-instituirea-tuturor-punctelor-comune-pe-sectorul-transnistrean.htm<\/a><\/p>\n","protected":false},"excerpt":{"rendered":"<p>Guvernul ucrainean a aprobat ieri Acordul privind controlul comun la frontiera de stat cu Republica Moldova, transmiste serviciul de pres\u0103 al Guvernului de la Kiev. Acordul urmeaz\u0103 s\u0103 fie semnat de c\u0103tre prim-ministru Republicii Moldova, Pavel Filip, \u0219i prim-ministrul Ucrainei, Volodimir Groisman, care va efectua o vizit\u0103 oficial\u0103 la Chi\u0219in\u0103u pe 6 octombrie. Conform procedurii,&#8230;<\/p>\n","protected":false},"author":2,"featured_media":0,"comment_status":"closed","ping_status":"open","sticky":false,"template":"","format":"standard","meta":[],"categories":[1],"tags":[],"_links":{"self":[{"href":"https:\/\/centers.ulbsibiu.ro\/ccsprise\/lact\/wp-json\/wp\/v2\/posts\/3541"}],"collection":[{"href":"https:\/\/centers.ulbsibiu.ro\/ccsprise\/lact\/wp-json\/wp\/v2\/posts"}],"about":[{"href":"https:\/\/centers.ulbsibiu.ro\/ccsprise\/lact\/wp-json\/wp\/v2\/types\/post"}],"author":[{"embeddable":true,"href":"https:\/\/centers.ulbsibiu.ro\/ccsprise\/lact\/wp-json\/wp\/v2\/users\/2"}],"replies":[{"embeddable":true,"href":"https:\/\/centers.ulbsibiu.ro\/ccsprise\/lact\/wp-json\/wp\/v2\/comments?post=3541"}],"version-history":[{"count":1,"href":"https:\/\/centers.ulbsibiu.ro\/ccsprise\/lact\/wp-json\/wp\/v2\/posts\/3541\/revisions"}],"predecessor-version":[{"id":3542,"href":"https:\/\/centers.ulbsibiu.ro\/ccsprise\/lact\/wp-json\/wp\/v2\/posts\/3541\/revisions\/3542"}],"wp:attachment":[{"href":"https:\/\/centers.ulbsibiu.ro\/ccsprise\/lact\/wp-json\/wp\/v2\/media?parent=3541"}],"wp:term":[{"taxonomy":"category","embeddable":true,"href":"https:\/\/centers.ulbsibiu.ro\/ccsprise\/lact\/wp-json\/wp\/v2\/categories?post=3541"},{"taxonomy":"post_tag","embeddable":true,"href":"https:\/\/centers.ulbsibiu.ro\/ccsprise\/lact\/wp-json\/wp\/v2\/tags?post=3541"}],"curies":[{"name":"wp","href":"https:\/\/api.w.org\/{rel}","templated":true}]}}