{"id":3539,"date":"2017-10-07T08:51:00","date_gmt":"2017-10-07T06:51:00","guid":{"rendered":"https:\/\/centers.ulbsibiu.ro\/ccsprise\/lact\/?p=3539"},"modified":"2017-10-07T08:51:00","modified_gmt":"2017-10-07T06:51:00","slug":"07-10-2017-tensiunile-cresc-la-hotarul-basarabiei-cazacii-se-pregatesc-de-razboi-cu-r-moldova","status":"publish","type":"post","link":"https:\/\/centers.ulbsibiu.ro\/ccsprise\/lact\/07-10-2017-tensiunile-cresc-la-hotarul-basarabiei-cazacii-se-pregatesc-de-razboi-cu-r-moldova\/","title":{"rendered":"07.10.2017: Tensiunile cresc la hotarul Basarabiei! Cazacii SE PREG\u0102TESC de R\u0102ZBOI cu R. Moldova"},"content":{"rendered":"<p>Consiliul atamanilor de cazaci de la Marea Neagr\u0103 a anun\u021bat c\u0103 sunt preg\u0103ti\u021bi s\u0103 apere prin toate metodele posibile statalitatea Transnistriei, amenin\u021bat\u0103 de agresiunea Republicii Moldova, sus\u021binut\u0103 de SUA, UE \u0219i NATO.<\/p>\n<p><strong>Cazacii de la Marea Neagr\u0103 sunt deranja\u021bi de ini\u021biativa Republicii Moldova privind retragerea trupelor ruse din Transnistria, precum \u0219i de ini\u021biativa de a modifica actualul format de men\u021binere a p\u0103cii \u00een unul civil.<\/strong><\/p>\n<p>Potrivit lor, ace\u0219ti pa\u0219i ai Chi\u0219in\u0103ului au menirea de a \u201ecrea o situa\u021bie de destabilizare \u00een Transnistria cu suportul Statelor Unite ale Americii, \u021b\u0103rilor europene \u0219i NATO. Republica Moldova pune presiuni economice, politice \u0219i informa\u021bionale\u201d.<\/p>\n<div class=\"clear\">\u00a0\u201e<strong>Trupele de cazaci sunt gata, apel\u00e2nd la toate resursele \u0219i metodele, s\u0103 insiste la proclamarea independen\u021bei Transnistriei \u0219i a p\u0103cii \u00een republic\u0103. Fiind ap\u0103r\u0103torii statalit\u0103\u021bii Transnistriei, cazacii apreciaz\u0103 eforturile pre\u0219edintelui Vadim Krasnoselski, \u00eendreptate spre solu\u021bionarea situa\u021bie create \u00een jurul republicii nistrene.<\/strong> Sprijin \u00een totalitate ini\u021biativa privind Transnistria \u2013 parte a ONU \u0219i suntem preg\u0103ti\u021bi s\u0103 o ap\u0103r\u0103m. Consider\u0103m c\u0103 este inadmisibil\u0103 modificarea formatului de men\u021binere a p\u0103cii \u0219i retragerea trupelor de pacificare \u0219i GOTR din Transnistria\u201d, transmit reprezentan\u021bii consiliului trupelor de cazaci.<\/div>\n<p><em>Cazacii protesteaz\u0103 cu vehemen\u021b\u0103 \u00eempotriva m\u0103surilor \u201edistructive\u201d ale conducerii Republicii Moldova \u0219i cer p\u0103strarea actualului format de men\u021binere a p\u0103cii.<br \/>\n<\/em><br \/>\nAmintim c\u0103 c\u00e2teva trupe de cazaci veni\u021bi din Federa\u021bia Rus\u0103 au luptat de partea armatei Federa\u021biei Ruse \u0219i a for\u021belor separatiste transnistrene \u00een r\u0103zboiul moldo-rus din 1992.<\/p>\n<p>Sursa:<\/p>\n<p><a href=\"http:\/\/www.timpul.md\/articol\/tensiunile-cresc-la-hotarul-basarabiei-cazacii-se-pregatesc-de-razboi-cu-r--moldova-121345.html\">http:\/\/www.timpul.md\/articol\/tensiunile-cresc-la-hotarul-basarabiei-cazacii-se-pregatesc-de-razboi-cu-r&#8211;moldova-121345.html<\/a><\/p>\n","protected":false},"excerpt":{"rendered":"<p>Consiliul atamanilor de cazaci de la Marea Neagr\u0103 a anun\u021bat c\u0103 sunt preg\u0103ti\u021bi s\u0103 apere prin toate metodele posibile statalitatea Transnistriei, amenin\u021bat\u0103 de agresiunea Republicii Moldova, sus\u021binut\u0103 de SUA, UE \u0219i NATO. Cazacii de la Marea Neagr\u0103 sunt deranja\u021bi de ini\u021biativa Republicii Moldova privind retragerea trupelor ruse din Transnistria, precum \u0219i de ini\u021biativa de a&#8230;<\/p>\n","protected":false},"author":2,"featured_media":0,"comment_status":"closed","ping_status":"open","sticky":false,"template":"","format":"standard","meta":[],"categories":[1],"tags":[],"_links":{"self":[{"href":"https:\/\/centers.ulbsibiu.ro\/ccsprise\/lact\/wp-json\/wp\/v2\/posts\/3539"}],"collection":[{"href":"https:\/\/centers.ulbsibiu.ro\/ccsprise\/lact\/wp-json\/wp\/v2\/posts"}],"about":[{"href":"https:\/\/centers.ulbsibiu.ro\/ccsprise\/lact\/wp-json\/wp\/v2\/types\/post"}],"author":[{"embeddable":true,"href":"https:\/\/centers.ulbsibiu.ro\/ccsprise\/lact\/wp-json\/wp\/v2\/users\/2"}],"replies":[{"embeddable":true,"href":"https:\/\/centers.ulbsibiu.ro\/ccsprise\/lact\/wp-json\/wp\/v2\/comments?post=3539"}],"version-history":[{"count":1,"href":"https:\/\/centers.ulbsibiu.ro\/ccsprise\/lact\/wp-json\/wp\/v2\/posts\/3539\/revisions"}],"predecessor-version":[{"id":3540,"href":"https:\/\/centers.ulbsibiu.ro\/ccsprise\/lact\/wp-json\/wp\/v2\/posts\/3539\/revisions\/3540"}],"wp:attachment":[{"href":"https:\/\/centers.ulbsibiu.ro\/ccsprise\/lact\/wp-json\/wp\/v2\/media?parent=3539"}],"wp:term":[{"taxonomy":"category","embeddable":true,"href":"https:\/\/centers.ulbsibiu.ro\/ccsprise\/lact\/wp-json\/wp\/v2\/categories?post=3539"},{"taxonomy":"post_tag","embeddable":true,"href":"https:\/\/centers.ulbsibiu.ro\/ccsprise\/lact\/wp-json\/wp\/v2\/tags?post=3539"}],"curies":[{"name":"wp","href":"https:\/\/api.w.org\/{rel}","templated":true}]}}