{"id":3537,"date":"2017-10-07T08:49:22","date_gmt":"2017-10-07T06:49:22","guid":{"rendered":"https:\/\/centers.ulbsibiu.ro\/ccsprise\/lact\/?p=3537"},"modified":"2017-10-07T08:49:22","modified_gmt":"2017-10-07T06:49:22","slug":"06-10-2017-autoritatile-transnistriei-spera-ca-in-bugetul-rusiei-se-va-gasi-ajutor-pentru-rmn","status":"publish","type":"post","link":"https:\/\/centers.ulbsibiu.ro\/ccsprise\/lact\/06-10-2017-autoritatile-transnistriei-spera-ca-in-bugetul-rusiei-se-va-gasi-ajutor-pentru-rmn\/","title":{"rendered":"06.10.2017: AUTORIT\u0102\u0162ILE TRANSNISTRIEI SPER\u0102 C\u0102 \u00ceN BUGETUL RUSIEI SE VA G\u0102SI \u201eAJUTOR PENTRU RMN\u201d"},"content":{"rendered":"<p>Autorit\u0103\u0163ile autoproclamatei RMN sper\u0103 c\u0103 \u00een legea bugetului Rusiei pentru anul 2018 va fi prev\u0103zut \u201eajutor pentru Transnistria\u201d.<\/p>\n<p>Potrivit agen\u0163iei INFOTAG cu referire la site-ul liderului de la Tiraspol, Vadim Krasnoselski, acest subiect a fost discutat \u00een ajun, la \u00eentrevederea cu pre\u015fedintele Sovietului Suprem (SS), Alexandr \u015ecerba.<\/p>\n<p>Speakerul l-a informat pe pre\u0219edintele despre rezultatele preliminare ale vizitei deputa\u021bilor transnistreni la Moscova \u0219i despre \u00eent\u00e2lnirile cu deputa\u021bii \u00een Duma de Stat.<\/p>\n<p>Potrivit lui, datorit\u0103 \u00eent\u00e2lnirilor care au avut loc, problema acord\u0103rii de asisten\u021b\u0103 pentru Transnistria \u00een cadrul examin\u0103rii proiectului bugetului federal pentru anul 2018 a fost deja inclus\u0103 \u00een ordinea de zi a frac\u021biunilor PLDR, \u201eSpravedlivaia Rossia\u201d \u0219i PCFR, care vor avea loc pe 10 octombrie.<\/p>\n<p>\u201e\u00cen acest sens, se desf\u0103\u0219oar\u0103 un dialog \u015fi cu reprezentan\u021bii partidului de guvernare, cu membrii frac\u021biunii \u201eEdinaia Rossia\u201d. Dup\u0103 ce vom ob\u0163ine sprijinul reprezentan\u021bilor tuturor frac\u021biunilor din Dum\u0103, vom putea vorbi despre reprezentarea intereselor Transnistriei, care vor fi prezentate \u00eentr-un amendament la proiectul bugetului Rusiei pentru 2018. Acestea sunt rezultate intermediare. Ele inspir\u0103 cel pu\u0163in un optimism sigur\u201d, a spus \u015ecerba.<\/p>\n<p>Krasnoselski a recomandat intensificarea eforturilor pentru adoptarea altor proiecte importante pentru transnistreni, aflate \u00een proces de examinare \u00een Duma de Stat. Este vorba de facilitarea dob\u00e2ndirii cet\u0103\u021beniei ruse\u0219ti, aplicarea capitalului matern rusesc pe teritoriul Transnistriei \u0219i ob\u021binerea asigur\u0103rii medicale ruse.<\/p>\n<p>\u201eCet\u0103\u021benii Rusiei au fost rup\u0163i de Patrie nu din vina lor. Prin urmare, legisla\u021bia rus\u0103 trebuie s\u0103 cuprind\u0103 pe deplin \u015fi cet\u0103\u021benii ru\u0219i care tr\u0103iesc \u00een afara grani\u021belor\u201d, a spus liderul de la Tiraspol.<\/p>\n<p>El a amintit \u015fi de viitoarele alegeri ale pre\u015fedintelui FR din martie, men\u021bion\u00e2nd \u201eimportan\u021ba particip\u0103rii legislatorilor la preg\u0103tirea pentru desf\u0103\u015furarea lor pe teritoriul Transnistriei\u201d.<\/p>\n<p>Sursa:<\/p>\n<p><a href=\"http:\/\/www.infotag.md\/rebelion-ro\/252987\/\">http:\/\/www.infotag.md\/rebelion-ro\/252987\/<\/a><\/p>\n","protected":false},"excerpt":{"rendered":"<p>Autorit\u0103\u0163ile autoproclamatei RMN sper\u0103 c\u0103 \u00een legea bugetului Rusiei pentru anul 2018 va fi prev\u0103zut \u201eajutor pentru Transnistria\u201d. Potrivit agen\u0163iei INFOTAG cu referire la site-ul liderului de la Tiraspol, Vadim Krasnoselski, acest subiect a fost discutat \u00een ajun, la \u00eentrevederea cu pre\u015fedintele Sovietului Suprem (SS), Alexandr \u015ecerba. Speakerul l-a informat pe pre\u0219edintele despre rezultatele preliminare&#8230;<\/p>\n","protected":false},"author":2,"featured_media":0,"comment_status":"closed","ping_status":"open","sticky":false,"template":"","format":"standard","meta":[],"categories":[1],"tags":[],"_links":{"self":[{"href":"https:\/\/centers.ulbsibiu.ro\/ccsprise\/lact\/wp-json\/wp\/v2\/posts\/3537"}],"collection":[{"href":"https:\/\/centers.ulbsibiu.ro\/ccsprise\/lact\/wp-json\/wp\/v2\/posts"}],"about":[{"href":"https:\/\/centers.ulbsibiu.ro\/ccsprise\/lact\/wp-json\/wp\/v2\/types\/post"}],"author":[{"embeddable":true,"href":"https:\/\/centers.ulbsibiu.ro\/ccsprise\/lact\/wp-json\/wp\/v2\/users\/2"}],"replies":[{"embeddable":true,"href":"https:\/\/centers.ulbsibiu.ro\/ccsprise\/lact\/wp-json\/wp\/v2\/comments?post=3537"}],"version-history":[{"count":1,"href":"https:\/\/centers.ulbsibiu.ro\/ccsprise\/lact\/wp-json\/wp\/v2\/posts\/3537\/revisions"}],"predecessor-version":[{"id":3538,"href":"https:\/\/centers.ulbsibiu.ro\/ccsprise\/lact\/wp-json\/wp\/v2\/posts\/3537\/revisions\/3538"}],"wp:attachment":[{"href":"https:\/\/centers.ulbsibiu.ro\/ccsprise\/lact\/wp-json\/wp\/v2\/media?parent=3537"}],"wp:term":[{"taxonomy":"category","embeddable":true,"href":"https:\/\/centers.ulbsibiu.ro\/ccsprise\/lact\/wp-json\/wp\/v2\/categories?post=3537"},{"taxonomy":"post_tag","embeddable":true,"href":"https:\/\/centers.ulbsibiu.ro\/ccsprise\/lact\/wp-json\/wp\/v2\/tags?post=3537"}],"curies":[{"name":"wp","href":"https:\/\/api.w.org\/{rel}","templated":true}]}}