{"id":3532,"date":"2017-10-04T18:27:51","date_gmt":"2017-10-04T16:27:51","guid":{"rendered":"https:\/\/centers.ulbsibiu.ro\/ccsprise\/lact\/?p=3532"},"modified":"2017-10-04T18:27:51","modified_gmt":"2017-10-04T16:27:51","slug":"04-10-2017-dodon-putin-mi-a-zis-ca-transnistria-e-parte-a-republicii-moldova","status":"publish","type":"post","link":"https:\/\/centers.ulbsibiu.ro\/ccsprise\/lact\/04-10-2017-dodon-putin-mi-a-zis-ca-transnistria-e-parte-a-republicii-moldova\/","title":{"rendered":"04.10.2017: Dodon: \u201ePutin mi-a zis c\u0103 Transnistria e parte a Republicii Moldova\u201d"},"content":{"rendered":"<p><strong>Igor Dodon sus\u021bine c\u0103 \u00een discu\u021biile pe care le-a purtat cu pre\u0219edintele rus Vladimir Putin, liderul de la Kremlin \u201emi-a confirmat pozi\u021bia sa c\u0103 Transnistria e parte a Repubicii Moldova, c\u0103 trebuie s\u0103 fie reintegrat\u0103 cu un statut special\u201d.<\/strong><\/p>\n<div id=\"attachment_45065\" class=\"wp-caption aligncenter\"><a href=\"http:\/\/infoprut.ro\/45064-foreign-policy-research-institute-ce-cauta-camioanele-militare-cu-ceata-chimica-in-stanga-nistrului.html\/16e32d4b4760b9240c0042e7c71e6e79\" rel=\"attachment wp-att-45065\"><img loading=\"lazy\" class=\"size-full wp-image-45065\" src=\"http:\/\/infoprut.ro\/wp-content\/uploads\/2016\/08\/16e32d4b4760b9240c0042e7c71e6e79-e1472630927550.jpg\" alt=\"Surs\u0103 foto: telegrafonline.ro\" width=\"600\" height=\"379\" \/><\/a><\/p>\n<p class=\"wp-caption-text\">Surs\u0103 foto: telegrafonline.ro<\/p>\n<\/div>\n<p>Declara\u021bia fost f\u0103cut\u0103 de Igor Dodon \u00een cadrul emisiunii \u201eMegafon\u201d de la postul NTV Moldova.<\/p>\n<p>Pre\u0219edintele Republicii Moldova\u00a0spune c\u0103 regiunea separatist\u0103 din st\u00e2nga Nistrului\u00a0\u201ese transform\u0103 \u00een ceva de tipul <em>\u201e\u0447\u0435\u043c\u043e\u0434\u0430\u043d \u0431\u0435\u0437 \u0440\u0443\u0447\u043a\u0438\u201d\u00a0<\/em> (serviet\u0103 f\u0103r\u0103 m\u00e2ner \u2013 n.r.).<\/p>\n<p><em>\u201eS-o arunci nu po\u021bi \u0219i s-o cari e greu\u201d<\/em>, a mai afirmat Igor Dodon, preciz\u00e2nd c\u0103 \u00een urm\u0103torii doi ani este posibil\u0103 g\u0103sirea unei solu\u021bii \u00een problema transnistrean\u0103.<\/p>\n<p><em>\u201eCel mai important \u00een subiectul transnistrean este s\u0103 nu \u00eenr\u0103ut\u0103\u021bim situa\u021bia. Pentru c\u0103 sunt for\u021be care ar dori destabilizarea. [\u2026] C\u00e2nd vorbim de Transnistria ne referim la rezolvarea problemelor oamenilor de acolo \u0219i solu\u021bia politic\u0103. Aici ei \u00eenc\u0103 nu sunt gata, evident. Ei o \u021bin ferm, doar independen\u021b\u0103 sau parte a Federa\u021biei Ruse. Nu au nicio \u0219ans\u0103 s\u0103 ob\u021bin\u0103 nici una \u0219i nici alta\u201d,<\/em> a mai declarat Dodon.<\/p>\n<p>Sursa:<\/p>\n<p><a href=\"http:\/\/infoprut.ro\/48375-dodon-putin-mi-a-zis-ca-transnistria-e-parte-a-republicii-moldova.html\">http:\/\/infoprut.ro\/48375-dodon-putin-mi-a-zis-ca-transnistria-e-parte-a-republicii-moldova.html<\/a><\/p>\n","protected":false},"excerpt":{"rendered":"<p>Igor Dodon sus\u021bine c\u0103 \u00een discu\u021biile pe care le-a purtat cu pre\u0219edintele rus Vladimir Putin, liderul de la Kremlin \u201emi-a confirmat pozi\u021bia sa c\u0103 Transnistria e parte a Repubicii Moldova, c\u0103 trebuie s\u0103 fie reintegrat\u0103 cu un statut special\u201d. Surs\u0103 foto: telegrafonline.ro Declara\u021bia fost f\u0103cut\u0103 de Igor Dodon \u00een cadrul emisiunii \u201eMegafon\u201d de la postul&#8230;<\/p>\n","protected":false},"author":2,"featured_media":0,"comment_status":"closed","ping_status":"open","sticky":false,"template":"","format":"standard","meta":[],"categories":[1],"tags":[],"_links":{"self":[{"href":"https:\/\/centers.ulbsibiu.ro\/ccsprise\/lact\/wp-json\/wp\/v2\/posts\/3532"}],"collection":[{"href":"https:\/\/centers.ulbsibiu.ro\/ccsprise\/lact\/wp-json\/wp\/v2\/posts"}],"about":[{"href":"https:\/\/centers.ulbsibiu.ro\/ccsprise\/lact\/wp-json\/wp\/v2\/types\/post"}],"author":[{"embeddable":true,"href":"https:\/\/centers.ulbsibiu.ro\/ccsprise\/lact\/wp-json\/wp\/v2\/users\/2"}],"replies":[{"embeddable":true,"href":"https:\/\/centers.ulbsibiu.ro\/ccsprise\/lact\/wp-json\/wp\/v2\/comments?post=3532"}],"version-history":[{"count":1,"href":"https:\/\/centers.ulbsibiu.ro\/ccsprise\/lact\/wp-json\/wp\/v2\/posts\/3532\/revisions"}],"predecessor-version":[{"id":3533,"href":"https:\/\/centers.ulbsibiu.ro\/ccsprise\/lact\/wp-json\/wp\/v2\/posts\/3532\/revisions\/3533"}],"wp:attachment":[{"href":"https:\/\/centers.ulbsibiu.ro\/ccsprise\/lact\/wp-json\/wp\/v2\/media?parent=3532"}],"wp:term":[{"taxonomy":"category","embeddable":true,"href":"https:\/\/centers.ulbsibiu.ro\/ccsprise\/lact\/wp-json\/wp\/v2\/categories?post=3532"},{"taxonomy":"post_tag","embeddable":true,"href":"https:\/\/centers.ulbsibiu.ro\/ccsprise\/lact\/wp-json\/wp\/v2\/tags?post=3532"}],"curies":[{"name":"wp","href":"https:\/\/api.w.org\/{rel}","templated":true}]}}