{"id":3530,"date":"2017-10-04T18:04:34","date_gmt":"2017-10-04T16:04:34","guid":{"rendered":"https:\/\/centers.ulbsibiu.ro\/ccsprise\/lact\/?p=3530"},"modified":"2017-10-04T18:05:16","modified_gmt":"2017-10-04T16:05:16","slug":"04-10-2017-inlocuirea-pacificatorilor-rusi-cu-castile-albastre-ale-onu-nu-va-duce-la-nimic-bun-viceministrul-rus-de-externe","status":"publish","type":"post","link":"https:\/\/centers.ulbsibiu.ro\/ccsprise\/lact\/04-10-2017-inlocuirea-pacificatorilor-rusi-cu-castile-albastre-ale-onu-nu-va-duce-la-nimic-bun-viceministrul-rus-de-externe\/","title":{"rendered":"04.10.2017: \u00ceNLOCUIREA PACIFICATORILOR RU\u015eI CU \u201eC\u0102\u015eTILE ALBASTRE\u201d ALE ONU NU VA DUCE LA NIMIC BUN \u2013 VICEMINISTRUL RUS DE EXTERNE"},"content":{"rendered":"<p>\u00cenlocuirea pacificatorilor ru\u015fi \u00een Transnistria cu \u201ec\u0103\u015ftile albastre\u201d ale ONU nu va duce la nimic bun, sus\u0163ine secretarul de stat, viceministrul Afacerilor Externe al Rusiei, Grigorii Karasin.<br \/>\nPotrivit agen\u0163iei INFOTAG, \u00eentr-un interviu pentru publica\u0163ia \u201eKommersant\u201d, el a spus c\u0103 \u201eopera\u021biunea unic\u0103 de men\u021binere a p\u0103cii pe Nistru \u0219i-a dovedit eficacitatea timp de un sfert de secol, acolo nimeni nu \u00eempu\u015fc\u0103, nimeni nu moare, iar schimbarea formatului acesteia cu unul al ONU nu va duce la nimic, ci doar la o acutizare periculoas\u0103 a situa\u0163iei\u201d.<\/p>\n<p>Potrivit lui Karasin, \u201eFedera\u021bia Rus\u0103 \u0219i multe alte state membre responsabile ale ONU au o atitudine destul de sceptic\u0103\u201d fa\u0163\u0103 de ini\u021biativa Chi\u0219in\u0103ului de a discuta la sesiunea Adun\u0103rii Generale a ONU problema retragerii trupelor ruse\u015fti din Republica Moldova, v\u0103z\u00e2nd \u00een ea \u201epericolul unei noi surse de tensiune deschis\u0103 \u00een Europa de Sud-Est\u201d.<\/p>\n<p>\u201eSolu\u021bia real\u0103 pentru problema transnistrean\u0103 const\u0103 nu \u00een declararea de la tribuna ONU a unor propuneri \u201erevolu\u021bionare\u201d, \u00een spatele c\u0103rora se afl\u0103 interesele \u0219i tendin\u0163e str\u0103ine, ci \u00een activitatea metodic\u0103 a \u201eReuniunii permanente pentru problemele politice\u201d \u00een cadrul procesului de negocieri privind reglementarea conflictului transnistrean (formatul \u201e5+2\u201d). Acest mecanism recunoscut pe plan interna\u021bional este acea platform\u0103 \u00een care trebuie g\u0103sit\u0103 o formul\u0103 viabil\u0103 de reglementare\u201d, sus\u0163ine secretarul de stat, care \u015fi-a exprimat nedumerirea \u201ede ce reprezentan\u021bii OSCE t\u0103r\u0103g\u0103neaz\u0103 cu acest lucru\u201d.<\/p>\n<p>El consider\u0103 c\u0103 \u201etoate ra\u0163ionamentele cu privire la posibilitatea fr\u00e2ngerii formatului actual al opera\u021biunii de men\u021binere a p\u0103cii \u0219i retragerea trupelor ruse\u0219ti din st\u00e2nga Nistrului sunt rupte de realitate \u0219i ignor\u0103 complet opinia locuitorilor Transnistriei, care le v\u0103d ca o garan\u021bie pentru existen\u021ba lor pa\u0219nic\u0103\u201d.<\/p>\n<p>Karasin afirm\u0103 c\u0103 trupele ruse\u0219ti se afl\u0103 pe malul st\u00e2ng al Nistrului pe baz\u0103 legal\u0103.<\/p>\n<p>\u201ePe 21 iulie 1992, pre\u0219edintele Rusiei \u0219i cel al Republicii Moldova au semnat \u00een prezen\u021ba liderului Transnistriei Acordul cu privire la principiile de reglementare pa\u0219nic\u0103 a conflictului armat. \u00cen conformitate cu acesta, a fost constituit\u0103 \u0219i func\u021bioneaz\u0103 Comisia Unificat\u0103 de Control \u0219i for\u021bele comune de men\u021binere a p\u0103cii, formate din contingentele rus, moldovenesc \u0219i transnistrean. Pentru \u00eendeplinirea acestui acord, la 28 iulie 1992, a fost adoptat un protocol privind componen\u0163a numeric\u0103 \u015fi amplasarea for\u021belor de men\u021binere a p\u0103cii. Acest document prevede prezen\u021ba pe teritoriul Moldovei a \u0219ase batalioane ruse\u0219ti (dintre care unul este \u00een rezerv\u0103), precum \u0219i un escadron de elicoptere \u0219i un grup de comunica\u021bii. \u00cen acela\u0219i timp, \u00een prezent, aceast\u0103 cot\u0103 a p\u0103r\u0163ii ruse nu este complet\u0103\u201d, a men\u021bionat el.<\/p>\n<p>Potrivit lui, retragerea armelor \u0219i muni\u021biilor ruse\u0219ti de la depozitul din Cobasna este dificil\u0103 pentru c\u0103 acest lucru \u201etrebuie s\u0103-l accepte \u00een\u015fi\u015fi transnistrenii, trebuie s\u0103-\u015fi dea acordul Chi\u0219in\u0103ul \u015fi, totodat\u0103, este necesar\u0103 permisiunea Ucrainei, iar aceasta nu este chiar at\u00e2t de u\u0219or cum pare la prima vedere\u201d.<\/p>\n<p>Sursa:<\/p>\n<p><a href=\"http:\/\/www.infotag.md\/rebelion-ro\/252715\/\">http:\/\/www.infotag.md\/rebelion-ro\/252715\/<\/a><\/p>\n","protected":false},"excerpt":{"rendered":"<p>\u00cenlocuirea pacificatorilor ru\u015fi \u00een Transnistria cu \u201ec\u0103\u015ftile albastre\u201d ale ONU nu va duce la nimic bun, sus\u0163ine secretarul de stat, viceministrul Afacerilor Externe al Rusiei, Grigorii Karasin. Potrivit agen\u0163iei INFOTAG, \u00eentr-un interviu pentru publica\u0163ia \u201eKommersant\u201d, el a spus c\u0103 \u201eopera\u021biunea unic\u0103 de men\u021binere a p\u0103cii pe Nistru \u0219i-a dovedit eficacitatea timp de un sfert de&#8230;<\/p>\n","protected":false},"author":2,"featured_media":0,"comment_status":"closed","ping_status":"open","sticky":false,"template":"","format":"standard","meta":[],"categories":[1],"tags":[],"_links":{"self":[{"href":"https:\/\/centers.ulbsibiu.ro\/ccsprise\/lact\/wp-json\/wp\/v2\/posts\/3530"}],"collection":[{"href":"https:\/\/centers.ulbsibiu.ro\/ccsprise\/lact\/wp-json\/wp\/v2\/posts"}],"about":[{"href":"https:\/\/centers.ulbsibiu.ro\/ccsprise\/lact\/wp-json\/wp\/v2\/types\/post"}],"author":[{"embeddable":true,"href":"https:\/\/centers.ulbsibiu.ro\/ccsprise\/lact\/wp-json\/wp\/v2\/users\/2"}],"replies":[{"embeddable":true,"href":"https:\/\/centers.ulbsibiu.ro\/ccsprise\/lact\/wp-json\/wp\/v2\/comments?post=3530"}],"version-history":[{"count":1,"href":"https:\/\/centers.ulbsibiu.ro\/ccsprise\/lact\/wp-json\/wp\/v2\/posts\/3530\/revisions"}],"predecessor-version":[{"id":3531,"href":"https:\/\/centers.ulbsibiu.ro\/ccsprise\/lact\/wp-json\/wp\/v2\/posts\/3530\/revisions\/3531"}],"wp:attachment":[{"href":"https:\/\/centers.ulbsibiu.ro\/ccsprise\/lact\/wp-json\/wp\/v2\/media?parent=3530"}],"wp:term":[{"taxonomy":"category","embeddable":true,"href":"https:\/\/centers.ulbsibiu.ro\/ccsprise\/lact\/wp-json\/wp\/v2\/categories?post=3530"},{"taxonomy":"post_tag","embeddable":true,"href":"https:\/\/centers.ulbsibiu.ro\/ccsprise\/lact\/wp-json\/wp\/v2\/tags?post=3530"}],"curies":[{"name":"wp","href":"https:\/\/api.w.org\/{rel}","templated":true}]}}