{"id":3528,"date":"2017-10-04T17:32:28","date_gmt":"2017-10-04T15:32:28","guid":{"rendered":"https:\/\/centers.ulbsibiu.ro\/ccsprise\/lact\/?p=3528"},"modified":"2017-10-04T17:35:19","modified_gmt":"2017-10-04T15:35:19","slug":"04-10-2017-dosarele-fostilor-inalti-demnitari-din-transnistria-au-ajuns-in-instanta-de-judecata","status":"publish","type":"post","link":"https:\/\/centers.ulbsibiu.ro\/ccsprise\/lact\/04-10-2017-dosarele-fostilor-inalti-demnitari-din-transnistria-au-ajuns-in-instanta-de-judecata\/","title":{"rendered":"04.10.2017: DOSARELE FO\u015eTILOR \u00ceNAL\u0162I DEMNITARI DIN TRANSNISTRIA AU AJUNS \u00ceN INSTAN\u0162A DE JUDECAT\u0102"},"content":{"rendered":"<p>Dosarele fo\u015ftilor \u00eenal\u0163i demnitari din autoproclamata RMN au ajuns \u00een instan\u0163a de judecat\u0103. Judec\u0103toriei din Tiraspol a fost transmis dosarul penal \u00een privin\u0163a fostului pre\u015fedinte al Comitetului vamal, Iurii Ghervaziuk. Examinarea cauzei se afl\u0103 \u00een etap\u0103 final\u0103 \u015fi \u00een cur\u00e2nd va fi pronun\u0163at\u0103 sentin\u0163a de judecat\u0103.<\/p>\n<p>Potrivit agen\u0163iei INFOTAG cu referire la presa transnistrean\u0103, despre aceasta a anun\u0163at pre\u015fedintele Comitetului de anchet\u0103, Veaceslav Br\u00eenzari.<\/p>\n<p>L a spus c\u0103 instan\u0163a a pronun\u0163at deja sentin\u0163a \u00een privin\u0163a lui Veaceslav \u015eilker din dosarul penal pentru filmul \u201eSheriff: iluzia minciunii\u201d, care a fost condamnat la cinci ani de \u00eenchisoare. Ancheta a demonstrat c\u0103 filmul a ap\u0103rut \u00een 2016 \u00een timpul campaniei electorale mai \u00eent\u00e2i pe internet, apoi \u015fi la televiziune. \u00cen film este prezentat\u0103 o istorie fals\u0103 a de\u0163inu\u0163ilor Liubkin, \u015eilker \u015fi Horujnik despre dosarele penale pentru omoruri comise \u00een anii \u201990.<\/p>\n<p>Produc\u0103tor al filmului a fost Iurii Ghervaziuk, care era un apropiat al fostului pre\u015fedinte transnistrean, Evghenii \u015eevciuk. \u00cen crearea filmului a fost implicat \u015fi fostul \u015fef al Comitetului de Securitate de Stat, Nikolai Zem\u0163ov.<\/p>\n<p>\u201eZem\u0163ov a f\u0103cut depozi\u0163ii despre cum a c\u0103utat \u015fi a convins oamenii s\u0103 vorbeasc\u0103 \u015fi s\u0103 depun\u0103 m\u0103rturii \u00een dosarele penale clasate din cauza neidentific\u0103rii persoanelor implicate \u00een crime. El le-a promis anumite facilit\u0103\u0163i \u2013 \u015fi bani, \u015fi gra\u0163iere. \u015ei el s-a \u0163inut de cuv\u00e2nt\u201d, a spus Br\u00eenzari.<\/p>\n<p>Potrivit datelor anchetei, sponsorul \u015fi cel care a comandat filmul este Evghenii \u015eevciuk, care i-a transmis banii lui Zem\u0163ov.<\/p>\n<p>Pe rol se afl\u0103 dosarul penal al altui \u015fef al Comitetului vamal, Serghei Mantalu\u0163a, acuzat de contraband\u0103 cu diferite m\u0103rfuri.<\/p>\n<p>Un alt dosar aflat \u00een instan\u0163a de judecat\u0103 este cel al fostului pre\u015fedinte al B\u0103ncii Centrale Transnistrene, Edurad Kosovski, \u015fi al adjunctului s\u0103u, Alexandr Leanca. Instan\u0163a urmeaz\u0103 s\u0103 stabileasc\u0103 gradul de participare la crearea crizei valutare din 2016, care, \u00een opinia anchetei, a avut un caracter artificial.<\/p>\n<p>Oamenii legii din Transnistria au cele mai multe preten\u0163ii fa\u0163\u0103 de fostul pre\u015fedinte Evghenii \u015eevciuk, pe numele c\u0103ruia sunt pornite \u015fase cauze penale. El este acuzat de corup\u0163ie, contraband\u0103, mituire, abuz \u00een serviciu, delapidarea banilor publici \u00een propor\u0163ii deosebit de mari \u015fi re\u0163inerea ilegal\u0103 a salariilor \u015fi pensiilor.<\/p>\n<p>Sursa:<\/p>\n<p><a href=\"http:\/\/www.infotag.md\/rebelion-ro\/252704\/\">http:\/\/www.infotag.md\/rebelion-ro\/252704\/<\/a><\/p>\n","protected":false},"excerpt":{"rendered":"<p>Dosarele fo\u015ftilor \u00eenal\u0163i demnitari din autoproclamata RMN au ajuns \u00een instan\u0163a de judecat\u0103. Judec\u0103toriei din Tiraspol a fost transmis dosarul penal \u00een privin\u0163a fostului pre\u015fedinte al Comitetului vamal, Iurii Ghervaziuk. Examinarea cauzei se afl\u0103 \u00een etap\u0103 final\u0103 \u015fi \u00een cur\u00e2nd va fi pronun\u0163at\u0103 sentin\u0163a de judecat\u0103. Potrivit agen\u0163iei INFOTAG cu referire la presa transnistrean\u0103, despre&#8230;<\/p>\n","protected":false},"author":2,"featured_media":0,"comment_status":"closed","ping_status":"open","sticky":false,"template":"","format":"standard","meta":[],"categories":[1],"tags":[],"_links":{"self":[{"href":"https:\/\/centers.ulbsibiu.ro\/ccsprise\/lact\/wp-json\/wp\/v2\/posts\/3528"}],"collection":[{"href":"https:\/\/centers.ulbsibiu.ro\/ccsprise\/lact\/wp-json\/wp\/v2\/posts"}],"about":[{"href":"https:\/\/centers.ulbsibiu.ro\/ccsprise\/lact\/wp-json\/wp\/v2\/types\/post"}],"author":[{"embeddable":true,"href":"https:\/\/centers.ulbsibiu.ro\/ccsprise\/lact\/wp-json\/wp\/v2\/users\/2"}],"replies":[{"embeddable":true,"href":"https:\/\/centers.ulbsibiu.ro\/ccsprise\/lact\/wp-json\/wp\/v2\/comments?post=3528"}],"version-history":[{"count":1,"href":"https:\/\/centers.ulbsibiu.ro\/ccsprise\/lact\/wp-json\/wp\/v2\/posts\/3528\/revisions"}],"predecessor-version":[{"id":3529,"href":"https:\/\/centers.ulbsibiu.ro\/ccsprise\/lact\/wp-json\/wp\/v2\/posts\/3528\/revisions\/3529"}],"wp:attachment":[{"href":"https:\/\/centers.ulbsibiu.ro\/ccsprise\/lact\/wp-json\/wp\/v2\/media?parent=3528"}],"wp:term":[{"taxonomy":"category","embeddable":true,"href":"https:\/\/centers.ulbsibiu.ro\/ccsprise\/lact\/wp-json\/wp\/v2\/categories?post=3528"},{"taxonomy":"post_tag","embeddable":true,"href":"https:\/\/centers.ulbsibiu.ro\/ccsprise\/lact\/wp-json\/wp\/v2\/tags?post=3528"}],"curies":[{"name":"wp","href":"https:\/\/api.w.org\/{rel}","templated":true}]}}