{"id":3518,"date":"2017-09-30T18:49:50","date_gmt":"2017-09-30T16:49:50","guid":{"rendered":"https:\/\/centers.ulbsibiu.ro\/ccsprise\/lact\/?p=3518"},"modified":"2017-09-30T18:49:50","modified_gmt":"2017-09-30T16:49:50","slug":"30-09-2017-o-delegatie-de-la-tiraspol-condusa-de-liderul-administratiei-vadim-krasnoselski-se-afla-in-abhazia-regiunea-separatista-a-georgiei","status":"publish","type":"post","link":"https:\/\/centers.ulbsibiu.ro\/ccsprise\/lact\/30-09-2017-o-delegatie-de-la-tiraspol-condusa-de-liderul-administratiei-vadim-krasnoselski-se-afla-in-abhazia-regiunea-separatista-a-georgiei\/","title":{"rendered":"30.09.2017: O delega\u021bie de la Tiraspol\u00a0condus\u0103 de liderul administra\u021biei Vadim Krasnoselski\u00a0se afl\u0103 \u00een Abhazia, regiunea separatist\u0103 a Georgiei"},"content":{"rendered":"<p>O delega\u021bie de la Tiraspol condus\u0103 de liderul administra\u021biei Vadim Krasnoselski se afl\u0103 \u00een Abhazia, regiunea separatist\u0103 a Georgiei. Delega\u021bia a participat la manifest\u0103rile consacrate a\u0219a-numitei zile a independen\u021bei regiunii separatiste, marcate s\u00e2mb\u0103t\u0103 30 septembrie. Vineri, Krasnoselski a semnat la Suhumi \u00eempreun\u0103 cu liderul abhaz Raul Hadjimba un \u201etratat de prietenie, cooperare \u0219i parteneriat\u201d \u00eentre cele doua republici autoproclamate, care subliniaz\u0103 interesul ambelor entit\u0103\u021bi autoproclamate pentru dezvoltarea cooper\u0103rii cu Federa\u0163ia Rus\u0103. Rusia a intervenit militar \u00een Georgia \u00een anul 2008, iar ulterior a recunoscut independen\u0163a provinciilor separatiste Abhazia \u015fi Osetia de Sud.<\/p>\n<p>Sursa:<\/p>\n<p><a href=\"https:\/\/www.europalibera.org\/a\/28766249.html\">https:\/\/www.europalibera.org\/a\/28766249.html<\/a><\/p>\n<p>&nbsp;<\/p>\n","protected":false},"excerpt":{"rendered":"<p>O delega\u021bie de la Tiraspol condus\u0103 de liderul administra\u021biei Vadim Krasnoselski se afl\u0103 \u00een Abhazia, regiunea separatist\u0103 a Georgiei. Delega\u021bia a participat la manifest\u0103rile consacrate a\u0219a-numitei zile a independen\u021bei regiunii separatiste, marcate s\u00e2mb\u0103t\u0103 30 septembrie. Vineri, Krasnoselski a semnat la Suhumi \u00eempreun\u0103 cu liderul abhaz Raul Hadjimba un \u201etratat de prietenie, cooperare \u0219i parteneriat\u201d \u00eentre&#8230;<\/p>\n","protected":false},"author":2,"featured_media":0,"comment_status":"closed","ping_status":"open","sticky":false,"template":"","format":"standard","meta":[],"categories":[1],"tags":[],"_links":{"self":[{"href":"https:\/\/centers.ulbsibiu.ro\/ccsprise\/lact\/wp-json\/wp\/v2\/posts\/3518"}],"collection":[{"href":"https:\/\/centers.ulbsibiu.ro\/ccsprise\/lact\/wp-json\/wp\/v2\/posts"}],"about":[{"href":"https:\/\/centers.ulbsibiu.ro\/ccsprise\/lact\/wp-json\/wp\/v2\/types\/post"}],"author":[{"embeddable":true,"href":"https:\/\/centers.ulbsibiu.ro\/ccsprise\/lact\/wp-json\/wp\/v2\/users\/2"}],"replies":[{"embeddable":true,"href":"https:\/\/centers.ulbsibiu.ro\/ccsprise\/lact\/wp-json\/wp\/v2\/comments?post=3518"}],"version-history":[{"count":1,"href":"https:\/\/centers.ulbsibiu.ro\/ccsprise\/lact\/wp-json\/wp\/v2\/posts\/3518\/revisions"}],"predecessor-version":[{"id":3519,"href":"https:\/\/centers.ulbsibiu.ro\/ccsprise\/lact\/wp-json\/wp\/v2\/posts\/3518\/revisions\/3519"}],"wp:attachment":[{"href":"https:\/\/centers.ulbsibiu.ro\/ccsprise\/lact\/wp-json\/wp\/v2\/media?parent=3518"}],"wp:term":[{"taxonomy":"category","embeddable":true,"href":"https:\/\/centers.ulbsibiu.ro\/ccsprise\/lact\/wp-json\/wp\/v2\/categories?post=3518"},{"taxonomy":"post_tag","embeddable":true,"href":"https:\/\/centers.ulbsibiu.ro\/ccsprise\/lact\/wp-json\/wp\/v2\/tags?post=3518"}],"curies":[{"name":"wp","href":"https:\/\/api.w.org\/{rel}","templated":true}]}}