{"id":3516,"date":"2017-09-30T08:42:38","date_gmt":"2017-09-30T06:42:38","guid":{"rendered":"https:\/\/centers.ulbsibiu.ro\/ccsprise\/lact\/?p=3516"},"modified":"2017-09-30T08:42:38","modified_gmt":"2017-09-30T06:42:38","slug":"30-09-2017-chisinaul-cauta-solutii-pentru-a-continua-implementarea-acordului-de-liber-schimb-in-stanga-nistrului","status":"publish","type":"post","link":"https:\/\/centers.ulbsibiu.ro\/ccsprise\/lact\/30-09-2017-chisinaul-cauta-solutii-pentru-a-continua-implementarea-acordului-de-liber-schimb-in-stanga-nistrului\/","title":{"rendered":"30.09.2017: Chi\u0219in\u0103ul caut\u0103 solu\u021bii pentru a continua implementarea Acordului de Liber Schimb \u00een st\u00e2nga Nistrului"},"content":{"rendered":"<p><strong>Autorit\u0103\u021bile de la Chi\u0219in\u0103u caut\u0103 solu\u021bii pentru a continua implementarea Acordului de Liber Schimb \u00een st\u00e2nga Nistrului.<\/strong> Acest lucru a fost anun\u021bat de pre\u0219edintele Parlamentului, Andrian Candu, dup\u0103 \u0219edin\u021ba platformei, creat\u0103 la nivel parlamentar, privind reintegrarea \u021b\u0103rii, care s-a reunit \u00een prima \u0219edin\u021b\u0103 din aceast\u0103 sesiune.<\/p>\n<p>\u0218eful legislativului a men\u0163ionat c\u0103 <strong>situa\u021bia economic\u0103 din regiunea transnistrean\u0103 nu este deloc u\u0219oar\u0103 \u0219i s-ar putea agrava<\/strong>. \u00cen prezent, peste 65 la sut\u0103 din exporturile produc\u0103torilor din zona separatist\u0103 sunt \u00eendreptate spre pia\u0163a european\u0103.<\/p>\n<p>Subiectul va fi discutat \u0219i cu noul ambasador UE \u00een Moldova, Peter Michalko.<\/p>\n<p>&#8220;\u00cen situa\u021bia \u00een care de la 1 ianuarie 2018 nu se va mai aplica Acordul de Liber Schimb pentru ei, atunci cu siguran\u021b\u0103 exporturile vor stagna \u0219i, respectiv, situa\u021bia economic\u0103 se va agrava semnificativ \u00een regiunea transnistrean\u0103&#8221;, a declarat pre\u015fedintele Parlamentului, Andrian Candu.<\/p>\n<p>Membrii platformei au mai discutat despre <strong>pachetul 4 plus<\/strong>, care include subiectele prioritare pentru regiune. Acestea vor fi incluse pe ordinea de zi a negocierilor \u00een formatul 5+2, care vor fi organizate \u00een acest an. Printre ele se num\u0103r\u0103 \u0219i apostilarea diplomelor eliberate de universit\u0103\u021bile de la Tiraspol.<\/p>\n<p>Potrivit \u015fefului legislativului, <strong>Chi\u0219in\u0103ul opteaz\u0103 pentru diplomele neutre, solu\u021bie care ar putea fi acceptat\u0103 \u0219i de administra\u0163ia separatist\u0103.<\/strong><\/p>\n<p>&#8220;Niciun fel de simbolic\u0103 a p\u0103r\u021bii transnistrene, doar denumirea universit\u0103\u021bii \u0219i prin acea apostilare se va recunoa\u0219te, de fapt, existen\u021ba unei institu\u021bii de \u00eenv\u0103\u021b\u0103m\u00e2nt, ca s\u0103 d\u0103m posibilitatea acelor tineri s\u0103 se integreze \u0219i ei \u00eentr-un sistem civilizat de educa\u021bie&#8221;, a declarat Candu.<\/p>\n<p>Totodat\u0103, pre\u0219edintele Parlamentului insist\u0103 pe crearea unui <strong>Fond pentru Reintegrare<\/strong>, care s\u0103 finan\u021beze proiectele de dezvoltare social\u0103 pentru cet\u0103\u021benii din st\u00e2nga Nistrului. Aici ar urma s\u0103 investeasc\u0103 at\u00e2t statul, c\u00e2t \u0219i partenerii externi.<\/p>\n<p>&#8220;Foarte mul\u021bi parteneri interna\u021bionali ar fi de acord s\u0103 contribuie la fondul numit Fondul pentru Reintegrare. Dezvolt\u00e2nd infrastructura ar\u0103t\u0103m tuturor celor care locuiesc \u00een regiunea transnistrean\u0103 c\u0103 lucrurile se dezvolt\u0103 spre bine le d\u0103m \u0219i un sentiment de securitate \u0219i asugurare&#8221;, sus\u0163ine pre\u015fedintele Parlamentului, Andrian Candu.<\/p>\n<p>La \u0219edin\u021b\u0103 au fost discu\u0163ii \u0219i despre<strong> identificarea unor solu\u021bii pentru simplificarea procedurilor de redob\u00e2ndire a cet\u0103\u021beniei pentru oamenii din st\u00e2nga Nistrului<\/strong>. Biroul pentru Reintegrare va veni cu propuneri pentru a fi elaborate ini\u021biative legislative \u00een vederea \u00eembun\u0103t\u0103\u021birii vie\u021bii cet\u0103\u021benilor din zon\u0103.<\/p>\n<p>Recent, a\u015fa-numitele <strong>autorit\u0103\u021bi de la Tiraspol au anun\u021bat c\u0103 sunt gata s\u0103 accepte modelul placu\u0163elor neutre de \u00eenmatriculare pentru automobilele din regiune. <\/strong><\/p>\n<p>Chi\u015fin\u0103ul propune ca ma\u0219inile din regiunea transnistrean\u0103 s\u0103 fie \u00eenregistrate de c\u0103tre \u00eentreprinderea de stat &#8220;Registru&#8221;. Urmeaz\u0103 negocieri \u00een acest sens.<\/p>\n<p>Cite\u0219te mai mult: <a href=\"https:\/\/www.publika.md\/chisinaul-cauta-solutii-pentru-a-continua-implementarea-acordului-de-liber-schimb-in-stanga-nistrului_2982068.html#ixzz4u8rOiDCv\">https:\/\/www.publika.md\/chisinaul-cauta-solutii-pentru-a-continua-implementarea-acordului-de-liber-schimb-in-stanga-nistrului_2982068.html#ixzz4u8rOiDCv<\/a><\/p>\n","protected":false},"excerpt":{"rendered":"<p>Autorit\u0103\u021bile de la Chi\u0219in\u0103u caut\u0103 solu\u021bii pentru a continua implementarea Acordului de Liber Schimb \u00een st\u00e2nga Nistrului. Acest lucru a fost anun\u021bat de pre\u0219edintele Parlamentului, Andrian Candu, dup\u0103 \u0219edin\u021ba platformei, creat\u0103 la nivel parlamentar, privind reintegrarea \u021b\u0103rii, care s-a reunit \u00een prima \u0219edin\u021b\u0103 din aceast\u0103 sesiune. \u0218eful legislativului a men\u0163ionat c\u0103 situa\u021bia economic\u0103 din regiunea&#8230;<\/p>\n","protected":false},"author":2,"featured_media":0,"comment_status":"closed","ping_status":"open","sticky":false,"template":"","format":"standard","meta":[],"categories":[1],"tags":[],"_links":{"self":[{"href":"https:\/\/centers.ulbsibiu.ro\/ccsprise\/lact\/wp-json\/wp\/v2\/posts\/3516"}],"collection":[{"href":"https:\/\/centers.ulbsibiu.ro\/ccsprise\/lact\/wp-json\/wp\/v2\/posts"}],"about":[{"href":"https:\/\/centers.ulbsibiu.ro\/ccsprise\/lact\/wp-json\/wp\/v2\/types\/post"}],"author":[{"embeddable":true,"href":"https:\/\/centers.ulbsibiu.ro\/ccsprise\/lact\/wp-json\/wp\/v2\/users\/2"}],"replies":[{"embeddable":true,"href":"https:\/\/centers.ulbsibiu.ro\/ccsprise\/lact\/wp-json\/wp\/v2\/comments?post=3516"}],"version-history":[{"count":1,"href":"https:\/\/centers.ulbsibiu.ro\/ccsprise\/lact\/wp-json\/wp\/v2\/posts\/3516\/revisions"}],"predecessor-version":[{"id":3517,"href":"https:\/\/centers.ulbsibiu.ro\/ccsprise\/lact\/wp-json\/wp\/v2\/posts\/3516\/revisions\/3517"}],"wp:attachment":[{"href":"https:\/\/centers.ulbsibiu.ro\/ccsprise\/lact\/wp-json\/wp\/v2\/media?parent=3516"}],"wp:term":[{"taxonomy":"category","embeddable":true,"href":"https:\/\/centers.ulbsibiu.ro\/ccsprise\/lact\/wp-json\/wp\/v2\/categories?post=3516"},{"taxonomy":"post_tag","embeddable":true,"href":"https:\/\/centers.ulbsibiu.ro\/ccsprise\/lact\/wp-json\/wp\/v2\/tags?post=3516"}],"curies":[{"name":"wp","href":"https:\/\/api.w.org\/{rel}","templated":true}]}}