{"id":3512,"date":"2017-09-30T07:35:49","date_gmt":"2017-09-30T05:35:49","guid":{"rendered":"https:\/\/centers.ulbsibiu.ro\/ccsprise\/lact\/?p=3512"},"modified":"2017-09-30T07:36:45","modified_gmt":"2017-09-30T05:36:45","slug":"29-09-2017-participarea-vicepremierului-gheorghe-balan-la-sedinta-platformei-parlamentare-pentru-realizarea-politicii-de-reintegrare-a-tarii","status":"publish","type":"post","link":"https:\/\/centers.ulbsibiu.ro\/ccsprise\/lact\/29-09-2017-participarea-vicepremierului-gheorghe-balan-la-sedinta-platformei-parlamentare-pentru-realizarea-politicii-de-reintegrare-a-tarii\/","title":{"rendered":"29.09.2017: Participarea Vicepremierului Gheorghe B\u0103lan la \u0219edin\u0163a Platformei parlamentare pentru realizarea politicii de reintegrare a \u021b\u0103rii"},"content":{"rendered":"<p>Ast\u0103zi, 29 septembrie, Vicepremierul Gheorghe B\u0103lan a participat la \u0219edin\u021ba platformei parlamentare de consultare \u0219i control parlamentar pentru realizarea politicii de reintegrare a Republicii Moldova. \u00cen cadrul \u015fedin\u0163ei Gheorghe B\u0103lan a venit cu un raport despre ultimele evolu\u021biile \u00eenregistrate \u00een procesul de negocieri pentru reglementarea transnistrean\u0103 \u015fi despre abord\u0103rile Chi\u015fin\u0103ului \u015fi Tiraspolului pe marginea subiectelor ce figureaz\u0103 pe agenda negocierilor.<\/p>\n<p>Vicepremierul a informat despre dificult\u0103\u021bile existente pe anumite dimensiuni \u015fi problemele cu care se confrunt\u0103 popula\u0163ia de pe ambele maluri ale Nistrului. \u00cen particular, au fost discutate subiectele din a\u0219a numitul pachet \u201eBerlin plus\u201d, \u015fi anume:<\/p>\n<p>1)\u00a0\u00a0\u00a0 Apostilarea actelor de studii din regiunea transnistrean\u0103;<\/p>\n<p>2)\u00a0\u00a0\u00a0 Problema autovehiculelor cu pl\u0103ci din regiunea transnistrean\u0103;<\/p>\n<p>3)\u00a0\u00a0\u00a0 Organizarea interac\u0163iunii \u00een domeniul telecomunica\u0163iilor;<\/p>\n<p>4)\u00a0\u00a0\u00a0 Situa\u0163ia cauzelor penale intentate pe ambele maluri ale Nistrului;<\/p>\n<p>5)\u00a0\u00a0\u00a0 Solu\u0163ionarea dificult\u0103\u0163ilor \u00eent\u00e2mpinate de \u015fcolile moldovene\u015fti cu predare \u00een grafia latin\u0103;<\/p>\n<p>6)\u00a0\u00a0\u00a0 Asigurarea accesului fermierilor din r-nul Dub\u0103sari la terenurile agricole aflate dup\u0103 traseul Camenca \u2013Tiraspol;<\/p>\n<p>7)\u00a0\u00a0\u00a0 Eliminarea baierilor artificiale \u00een calea liberei circula\u0163ii;<\/p>\n<p>8)\u00a0\u00a0\u00a0 Deschiderea Podului de la Gura \u2013 B\u00e2cului.<\/p>\n<p>Sursa:<\/p>\n<p><a href=\"http:\/\/gov.md\/ro\/content\/participarea-vicepremierului-gheorghe-balan-la-sedinta-platformei-parlamentare-pentru\">http:\/\/gov.md\/ro\/content\/participarea-vicepremierului-gheorghe-balan-la-sedinta-platformei-parlamentare-pentru<\/a><\/p>\n","protected":false},"excerpt":{"rendered":"<p>Ast\u0103zi, 29 septembrie, Vicepremierul Gheorghe B\u0103lan a participat la \u0219edin\u021ba platformei parlamentare de consultare \u0219i control parlamentar pentru realizarea politicii de reintegrare a Republicii Moldova. \u00cen cadrul \u015fedin\u0163ei Gheorghe B\u0103lan a venit cu un raport despre ultimele evolu\u021biile \u00eenregistrate \u00een procesul de negocieri pentru reglementarea transnistrean\u0103 \u015fi despre abord\u0103rile Chi\u015fin\u0103ului \u015fi Tiraspolului pe marginea subiectelor&#8230;<\/p>\n","protected":false},"author":2,"featured_media":0,"comment_status":"closed","ping_status":"open","sticky":false,"template":"","format":"standard","meta":[],"categories":[1],"tags":[],"_links":{"self":[{"href":"https:\/\/centers.ulbsibiu.ro\/ccsprise\/lact\/wp-json\/wp\/v2\/posts\/3512"}],"collection":[{"href":"https:\/\/centers.ulbsibiu.ro\/ccsprise\/lact\/wp-json\/wp\/v2\/posts"}],"about":[{"href":"https:\/\/centers.ulbsibiu.ro\/ccsprise\/lact\/wp-json\/wp\/v2\/types\/post"}],"author":[{"embeddable":true,"href":"https:\/\/centers.ulbsibiu.ro\/ccsprise\/lact\/wp-json\/wp\/v2\/users\/2"}],"replies":[{"embeddable":true,"href":"https:\/\/centers.ulbsibiu.ro\/ccsprise\/lact\/wp-json\/wp\/v2\/comments?post=3512"}],"version-history":[{"count":3,"href":"https:\/\/centers.ulbsibiu.ro\/ccsprise\/lact\/wp-json\/wp\/v2\/posts\/3512\/revisions"}],"predecessor-version":[{"id":3515,"href":"https:\/\/centers.ulbsibiu.ro\/ccsprise\/lact\/wp-json\/wp\/v2\/posts\/3512\/revisions\/3515"}],"wp:attachment":[{"href":"https:\/\/centers.ulbsibiu.ro\/ccsprise\/lact\/wp-json\/wp\/v2\/media?parent=3512"}],"wp:term":[{"taxonomy":"category","embeddable":true,"href":"https:\/\/centers.ulbsibiu.ro\/ccsprise\/lact\/wp-json\/wp\/v2\/categories?post=3512"},{"taxonomy":"post_tag","embeddable":true,"href":"https:\/\/centers.ulbsibiu.ro\/ccsprise\/lact\/wp-json\/wp\/v2\/tags?post=3512"}],"curies":[{"name":"wp","href":"https:\/\/api.w.org\/{rel}","templated":true}]}}